{"id":49968,"date":"2023-01-02T15:14:10","date_gmt":"2023-01-02T21:14:10","guid":{"rendered":"http:\/\/www.zonaroja.com.mx\/?p=49968"},"modified":"2023-01-02T15:14:14","modified_gmt":"2023-01-02T21:14:14","slug":"emite-comision-del-congreso-convocatoria-para-designacion-en-fiscalia","status":"publish","type":"post","link":"https:\/\/zonaroja.com.mx\/?p=49968","title":{"rendered":"Emite comisi\u00f3n del Congreso convocatoria para designaci\u00f3n en Fiscal\u00eda"},"content":{"rendered":"\n<p>Redacci\u00f3n\/Zona Roja.&nbsp;<\/p>\n\n\n\n<p>Oaxaca de Ju\u00e1rez, Oax., a 2 de enero de 2023.- La Comisi\u00f3n Permanente de Administraci\u00f3n y Procuraci\u00f3n de Justicia, aprob\u00f3 este lunes la emisi\u00f3n de la convocatoria para la designaci\u00f3n del Fiscal General del Estado de Oaxaca.<\/p>\n\n\n\n<p>En la sesi\u00f3n presidida por la diputada Lizett Arroyo Rodr\u00edguez e integrada por Nancy Natalia Ben\u00edtez Z\u00e1rate, Hayde\u00e9 Irma Reyes Soto, Mar\u00eda Luisa Matus Fuentes y No\u00e9 Doroteo Castillejos, en donde tambi\u00e9n estuvo presente el presidente de la Junta de Coordinaci\u00f3n Pol\u00edtica (Jucopo), Luis Alfonso Silva Romo, se emiti\u00f3 la convocatoria que ser\u00e1 publicada en el Peri\u00f3dico Oficial del Estado, los diarios de mayor circulaci\u00f3n y en la p\u00e1gina web del Congreso local.<\/p>\n\n\n\n<p>En ese tenor, la presidenta de la Comisi\u00f3n, Lizett Arroyo Rodr\u00edguez destac\u00f3 que la convocatoria se emiti\u00f3 como lo establece el Apartado D del art\u00edculo 114 de la Constituci\u00f3n Pol\u00edtica del Estado Libre y Soberano de Oaxaca.<\/p>\n\n\n\n<p>Los interesados deber\u00e1n presentar un escrito de intenci\u00f3n dirigido a su persona &nbsp;como &nbsp;presidenta de la Comisi\u00f3n Permanente de Administraci\u00f3n y Procuraci\u00f3n de Justicia con los requisitos de ley de manera f\u00edsica, el d\u00eda viernes 6 de enero del 2023, en un horario de 10:00 a 18:00 horas, en las oficinas ubicadas en el segundo nivel del edificio Diputados del Congreso del Estado.<\/p>\n\n\n\n<p>Asimismo, los participantes deber\u00e1n contar con la ciudadan\u00eda mexicana en pleno ejercicio de sus derechos pol\u00edticos y civiles; tener 35 a\u00f1os cumplidos el d\u00eda de su designaci\u00f3n; contar con t\u00edtulo profesional de la Licenciatura en Derecho con antig\u00fcedad m\u00ednima de 10 a\u00f1os; gozar de buena reputaci\u00f3n, y no haber sido condenada o condenado por delito doloso.<\/p>\n\n\n\n<p>Con la finalidad de dar cumplimiento a la convocatoria, deber\u00e1n presentar la documentaci\u00f3n establecida, y ser\u00e1 la Comisi\u00f3n Permanente de Administraci\u00f3n y Procuraci\u00f3n de Justicia la que analizar\u00e1 y revisar\u00e1 el cumplimiento de los requisitos para integrar una lista de 10 personas aspirantes al cargo, que posteriormente se enviar\u00e1 al titular del Poder Ejecutivo para que se emita la terna correspondiente que ser\u00e1 votada por el Pleno de la C\u00e1mara de Diputados local.<\/p>\n\n\n\n<p>En caso de que el titular del Poder Ejecutivo no env\u00ede la terna, el Congreso del Estado tendr\u00e1 10 d\u00edas para designar a la persona que ocupe la titularidad de la Fiscal\u00eda General del Estado de Oaxaca de entre las personas candidatas de la lista presentada ante el Pleno, misma que ser\u00e1 designada por el voto de las dos terceras partes de las diputadas y diputados presentes.<\/p>\n\n\n\n<p>(Comunicado)<\/p>\n","protected":false},"excerpt":{"rendered":"<p>Redacci\u00f3n\/Zona Roja.&nbsp; Oaxaca de Ju\u00e1rez, Oax., a 2 de enero de 2023.- La Comisi\u00f3n Permanente&hellip;<\/p>\n","protected":false},"author":2,"featured_media":48071,"comment_status":"closed","ping_status":"open","sticky":false,"template":"","format":"standard","meta":{"_lmt_disableupdate":"","_lmt_disable":"","_jetpack_memberships_contains_paid_content":false,"footnotes":""},"categories":[109,46],"tags":[2743],"class_list":["post-49968","post","type-post","status-publish","format-standard","has-post-thumbnail","hentry","category-minuto-a-minuto","category-zona-blanca","tag-65-legislatura-del-estado-de-oaxaca"],"jetpack_featured_media_url":"https:\/\/zonaroja.com.mx\/wp-content\/uploads\/2022\/11\/Sede-del-Congreso-Oaxaca-diputados.jpg","jetpack_sharing_enabled":true,"_links":{"self":[{"href":"https:\/\/zonaroja.com.mx\/index.php?rest_route=\/wp\/v2\/posts\/49968","targetHints":{"allow":["GET"]}}],"collection":[{"href":"https:\/\/zonaroja.com.mx\/index.php?rest_route=\/wp\/v2\/posts"}],"about":[{"href":"https:\/\/zonaroja.com.mx\/index.php?rest_route=\/wp\/v2\/types\/post"}],"author":[{"embeddable":true,"href":"https:\/\/zonaroja.com.mx\/index.php?rest_route=\/wp\/v2\/users\/2"}],"replies":[{"embeddable":true,"href":"https:\/\/zonaroja.com.mx\/index.php?rest_route=%2Fwp%2Fv2%2Fcomments&post=49968"}],"version-history":[{"count":1,"href":"https:\/\/zonaroja.com.mx\/index.php?rest_route=\/wp\/v2\/posts\/49968\/revisions"}],"predecessor-version":[{"id":49969,"href":"https:\/\/zonaroja.com.mx\/index.php?rest_route=\/wp\/v2\/posts\/49968\/revisions\/49969"}],"wp:featuredmedia":[{"embeddable":true,"href":"https:\/\/zonaroja.com.mx\/index.php?rest_route=\/wp\/v2\/media\/48071"}],"wp:attachment":[{"href":"https:\/\/zonaroja.com.mx\/index.php?rest_route=%2Fwp%2Fv2%2Fmedia&parent=49968"}],"wp:term":[{"taxonomy":"category","embeddable":true,"href":"https:\/\/zonaroja.com.mx\/index.php?rest_route=%2Fwp%2Fv2%2Fcategories&post=49968"},{"taxonomy":"post_tag","embeddable":true,"href":"https:\/\/zonaroja.com.mx\/index.php?rest_route=%2Fwp%2Fv2%2Ftags&post=49968"}],"curies":[{"name":"wp","href":"https:\/\/api.w.org\/{rel}","templated":true}]}}