{"id":49973,"date":"2023-01-02T18:49:55","date_gmt":"2023-01-03T00:49:55","guid":{"rendered":"http:\/\/www.zonaroja.com.mx\/?p=49973"},"modified":"2023-01-02T19:35:43","modified_gmt":"2023-01-03T01:35:43","slug":"dictan-condena-de-70-anos-de-prision-contra-diputado-priista-gustavo-d-s","status":"publish","type":"post","link":"https:\/\/zonaroja.com.mx\/?p=49973","title":{"rendered":"Dictan condena de 70 a\u00f1os de prisi\u00f3n contra diputado priista Gustavo D. S."},"content":{"rendered":"\n<p>Ismael Garc\u00eda M.\/Zona Roja.<\/p>\n\n\n\n<p>Oaxaca de Ju\u00e1rez, Oax., a 2 de enero de 2023.- Un juez del Poder Judicial de Oaxaca sentenci\u00f3 a 70 a\u00f1os de prisi\u00f3n al diputado por el PRI, Gustavo D. S., alias \u201cEl Gato\u201d, por un doble homicidio.<\/p>\n\n\n\n<p>Este lunes, el juzgador del Tribunal de Enjuiciamiento dio lectura en contra del legislador, recluido en un penal del estado de Michoac\u00e1n, en este \u00faltimo caso por acusaciones del orden federal, por probable participaci\u00f3n con grupos del crimen organizado en la regi\u00f3n de la Cuenca.<\/p>\n\n\n\n<p>Seg\u00fan las pruebas aportadas por el Ministerio P\u00fablico de la Fiscal\u00eda General del Estado de Oaxaca, Gustavo D. S. es responsable del asesinato de la se\u00f1ora Francisca M. y de su hijo Juan Carlos H. M., hechos ocurridos en julio del a\u00f1o 2021.<\/p>\n\n\n\n<p>Un grupo armado plagi\u00f3 a Juan Carlos de un domicilio de la comunidad de El Refugio, perteneciente al municipio de San Jos\u00e9 Cosolapa; su madre los sigui\u00f3 hasta el sitio donde lo ten\u00edan secuestrado.<\/p>\n\n\n\n<p>No obstante, los criminales, por \u00f3rdenes del diputado local por el PRI, mataron primero a Juan Carlos y despu\u00e9s a la se\u00f1ora Francisca. Tras ello, la Fiscal\u00eda General del Estado inici\u00f3 las indagatorias y present\u00f3 las pruebas correspondientes, mismas que fueron validadas por el juez de la causa.<\/p>\n","protected":false},"excerpt":{"rendered":"<p>Ismael Garc\u00eda M.\/Zona Roja. Oaxaca de Ju\u00e1rez, Oax., a 2 de enero de 2023.- Un&hellip;<\/p>\n","protected":false},"author":2,"featured_media":34041,"comment_status":"closed","ping_status":"open","sticky":false,"template":"","format":"standard","meta":{"_lmt_disableupdate":"","_lmt_disable":"","_jetpack_memberships_contains_paid_content":false,"footnotes":""},"categories":[109,47],"tags":[671],"class_list":["post-49973","post","type-post","status-publish","format-standard","has-post-thumbnail","hentry","category-minuto-a-minuto","category-zona-gris","tag-gustavo-diaz-sanchez"],"jetpack_featured_media_url":"https:\/\/zonaroja.com.mx\/wp-content\/uploads\/2021\/11\/Gustavo-Diaz-Sanchez.jpg","jetpack_sharing_enabled":true,"_links":{"self":[{"href":"https:\/\/zonaroja.com.mx\/index.php?rest_route=\/wp\/v2\/posts\/49973","targetHints":{"allow":["GET"]}}],"collection":[{"href":"https:\/\/zonaroja.com.mx\/index.php?rest_route=\/wp\/v2\/posts"}],"about":[{"href":"https:\/\/zonaroja.com.mx\/index.php?rest_route=\/wp\/v2\/types\/post"}],"author":[{"embeddable":true,"href":"https:\/\/zonaroja.com.mx\/index.php?rest_route=\/wp\/v2\/users\/2"}],"replies":[{"embeddable":true,"href":"https:\/\/zonaroja.com.mx\/index.php?rest_route=%2Fwp%2Fv2%2Fcomments&post=49973"}],"version-history":[{"count":2,"href":"https:\/\/zonaroja.com.mx\/index.php?rest_route=\/wp\/v2\/posts\/49973\/revisions"}],"predecessor-version":[{"id":49975,"href":"https:\/\/zonaroja.com.mx\/index.php?rest_route=\/wp\/v2\/posts\/49973\/revisions\/49975"}],"wp:featuredmedia":[{"embeddable":true,"href":"https:\/\/zonaroja.com.mx\/index.php?rest_route=\/wp\/v2\/media\/34041"}],"wp:attachment":[{"href":"https:\/\/zonaroja.com.mx\/index.php?rest_route=%2Fwp%2Fv2%2Fmedia&parent=49973"}],"wp:term":[{"taxonomy":"category","embeddable":true,"href":"https:\/\/zonaroja.com.mx\/index.php?rest_route=%2Fwp%2Fv2%2Fcategories&post=49973"},{"taxonomy":"post_tag","embeddable":true,"href":"https:\/\/zonaroja.com.mx\/index.php?rest_route=%2Fwp%2Fv2%2Ftags&post=49973"}],"curies":[{"name":"wp","href":"https:\/\/api.w.org\/{rel}","templated":true}]}}