{"id":49976,"date":"2023-01-02T20:51:23","date_gmt":"2023-01-03T02:51:23","guid":{"rendered":"http:\/\/www.zonaroja.com.mx\/?p=49976"},"modified":"2023-01-02T20:51:27","modified_gmt":"2023-01-03T02:51:27","slug":"rojo-inicio-en-mexico-5-asesinados-en-chihuahua-5-en-en-nl-y-8-en-veracruz","status":"publish","type":"post","link":"https:\/\/zonaroja.com.mx\/?p=49976","title":{"rendered":"Rojo inicio en M\u00e9xico: 5 asesinados en Chihuahua, 5 en en NL y 8 en Veracruz"},"content":{"rendered":"\n<p>Redacci\u00f3n\/Zona Roja Cdmx.<\/p>\n\n\n\n<p>Ciudad de M\u00e9xico, 2 de enero de 2023.- Adem\u00e1s del mot\u00edn ayer en Ciudad Juarez, con saldo de 17 personas asesinadas, este lunes en tres entidades han sido ultimadas a balazos 18 personas en Chihuahua, Nuevo Le\u00f3n y Veracruz.<\/p>\n\n\n\n<p>NUEVO LE\u00d3N<\/p>\n\n\n\n<p>En el municipio de Salinas Victoria, Nuevo Le\u00f3n, este lunes se registr\u00f3 un enfrentamiento que dej\u00f3 como saldo tres polic\u00edas abatidos y dos presuntos delincuentes.<\/p>\n\n\n\n<p>Los hechos ocurrieron aproximadamente a las 14:30 horas, inform\u00f3 el secretario de Seguridad P\u00fablica en el estado, Gerardo Palacios P\u00e1manes, quien destac\u00f3 que los uniformados fueron recibidos con balazos calibre 50.<\/p>\n\n\n\n<p>CHIHUAHUA<\/p>\n\n\n\n<p>Por otra parte, la tarde de este lunes se registr\u00f3 una balacera en contra de elementos de la Polic\u00eda Ministerial de Chiahuahua, donde 4 presuntos delincuentes murieron abatidos, as\u00ed como un polic\u00eda.&nbsp;<\/p>\n\n\n\n<p>Los hechos ocurrieron entre las calles Valle del Sol y J\u00fapiter, en Ciudad Ju\u00e1rez, donde la v\u00edspera ocurri\u00f3 el mot\u00edn en el reclusorio estatal, donde adem\u00e1s se fugaron 25 reos.<\/p>\n\n\n\n<p>VERACRUZ<\/p>\n\n\n\n<p>Mientras tanto en las \u00faltimas 24 horas en Veracruz se han registrado diversos ataques armados, con saldo de ocho personas asesinadas y tres lesionadas.<\/p>\n\n\n\n<p>Las agresiones se registraron desde anoche y la madrugada de hoy principalmente en bares de Poza rica y Coatzintla.<\/p>\n\n\n\n<p>La ola delictiva y la violencia no han parado en esa entidad, una de las que m\u00e1s registro de cr\u00edmenes tiene en el pa\u00eds.<\/p>\n","protected":false},"excerpt":{"rendered":"<p>Redacci\u00f3n\/Zona Roja Cdmx. Ciudad de M\u00e9xico, 2 de enero de 2023.- Adem\u00e1s del mot\u00edn ayer&hellip;<\/p>\n","protected":false},"author":2,"featured_media":48309,"comment_status":"closed","ping_status":"open","sticky":false,"template":"","format":"standard","meta":{"_lmt_disableupdate":"","_lmt_disable":"","_jetpack_memberships_contains_paid_content":false,"footnotes":""},"categories":[109,51],"tags":[1746],"class_list":["post-49976","post","type-post","status-publish","format-standard","has-post-thumbnail","hentry","category-minuto-a-minuto","category-zona-roja","tag-violencia-en-mexico"],"jetpack_featured_media_url":"https:\/\/zonaroja.com.mx\/wp-content\/uploads\/2022\/11\/Escena-crimen-violencia-homicidio.jpg","jetpack_sharing_enabled":true,"_links":{"self":[{"href":"https:\/\/zonaroja.com.mx\/index.php?rest_route=\/wp\/v2\/posts\/49976","targetHints":{"allow":["GET"]}}],"collection":[{"href":"https:\/\/zonaroja.com.mx\/index.php?rest_route=\/wp\/v2\/posts"}],"about":[{"href":"https:\/\/zonaroja.com.mx\/index.php?rest_route=\/wp\/v2\/types\/post"}],"author":[{"embeddable":true,"href":"https:\/\/zonaroja.com.mx\/index.php?rest_route=\/wp\/v2\/users\/2"}],"replies":[{"embeddable":true,"href":"https:\/\/zonaroja.com.mx\/index.php?rest_route=%2Fwp%2Fv2%2Fcomments&post=49976"}],"version-history":[{"count":1,"href":"https:\/\/zonaroja.com.mx\/index.php?rest_route=\/wp\/v2\/posts\/49976\/revisions"}],"predecessor-version":[{"id":49977,"href":"https:\/\/zonaroja.com.mx\/index.php?rest_route=\/wp\/v2\/posts\/49976\/revisions\/49977"}],"wp:featuredmedia":[{"embeddable":true,"href":"https:\/\/zonaroja.com.mx\/index.php?rest_route=\/wp\/v2\/media\/48309"}],"wp:attachment":[{"href":"https:\/\/zonaroja.com.mx\/index.php?rest_route=%2Fwp%2Fv2%2Fmedia&parent=49976"}],"wp:term":[{"taxonomy":"category","embeddable":true,"href":"https:\/\/zonaroja.com.mx\/index.php?rest_route=%2Fwp%2Fv2%2Fcategories&post=49976"},{"taxonomy":"post_tag","embeddable":true,"href":"https:\/\/zonaroja.com.mx\/index.php?rest_route=%2Fwp%2Fv2%2Ftags&post=49976"}],"curies":[{"name":"wp","href":"https:\/\/api.w.org\/{rel}","templated":true}]}}