{"id":49980,"date":"2023-01-02T22:10:51","date_gmt":"2023-01-03T04:10:51","guid":{"rendered":"http:\/\/www.zonaroja.com.mx\/?p=49980"},"modified":"2023-01-02T22:10:56","modified_gmt":"2023-01-03T04:10:56","slug":"supero-jara-a-murat-en-cifra-de-feminicidios-y-homicidios-en-primer-mes-de-gobierno","status":"publish","type":"post","link":"https:\/\/zonaroja.com.mx\/?p=49980","title":{"rendered":"Super\u00f3 Jara a Murat en cifra de feminicidios y homicidios en primer mes de gobierno"},"content":{"rendered":"\n<p>Yuridiana Sosa\/Zona Roja.<\/p>\n\n\n\n<p>Oaxaca de Ju\u00e1rez, Oax., 2 de enero de 2023.- La violencia homicida y feminicida marc\u00f3 el primer mes del gobierno morenista de Salom\u00f3n Jara Cruz, el cual de acuerdo con cifras oficiales y recuento hemerogr\u00e1fico, super\u00f3 la cifra de hechos violentos registrados en el mismo periodo de Alejandro Murat Hinojosa.<\/p>\n\n\n\n<p>Datos del Secretariado Ejecutivo del Sistema Nacional de Seguridad P\u00fablica (SESNSP) revelaron que durante diciembre de 2016 ocurrieron 82 homicidios dolosos, mientras que datos preliminares de reportes policiales, se cometieron unos 100 asesinatos durante diciembre de 2022.<\/p>\n\n\n\n<p>El aumento tambi\u00e9n se registr\u00f3 en los feminicidios, pues el recuento de casos de la asociaci\u00f3n civil Consorcio Oaxaca da cuenta que en diciembre de 2016, primer mes de gobierno de Alejandro Murat, se cometieron 11 feminicidios y del 1 al 28 de diciembre de 2022 fueron 13 feminicidios, cifra que suma un asesinato m\u00e1s ocurrido el \u00faltimo d\u00eda del a\u00f1o en la capital del estado.<\/p>\n\n\n\n<p>OPERATIVO BURLADO<\/p>\n\n\n\n<p>La percepci\u00f3n de un Oaxaca m\u00e1s seguro a\u00fan no es posible durante el primer mes de gobierno, pues la mayor\u00eda de los homicidios y hechos violentos se han cometido dentro del plazo del operativo de seguridad que inici\u00f3 el pasado 7 de diciembre, con motivo de la temporada vacacional decembrina.<\/p>\n\n\n\n<p>La regi\u00f3n del Istmo, la Costa y Valles Centrales, principalmente, han sido marcadas por una serie de ataques armados que han dejado a decenas de v\u00edctimas mortales.<\/p>\n\n\n\n<p>Cuerpos arrojados a orillas y en cercan\u00eda a carreteras; ataques dentro de los domicilios, o mientras las v\u00edctimas circulan, son parte de los escenarios violentos.<\/p>\n\n\n\n<p>Entre los hechos m\u00e1s recientes en las primeras horas del enero de 2023, se contabiliza el de un motociclista atacado a balazos en el tramo carretero de Santo Domingo Tehuantepec a Juchit\u00e1n de Zaragoza y el de la localizaci\u00f3n de cuerpos sin vida en el paraje \u00abAgua Blanca\u00bb, del municipio de Soledad, en el distrito de Etla y en Villa de Zaachila en el interior de un domicilio.<\/p>\n\n\n\n<p>As\u00ed como los dos homicidios dolosos ocurridos en un mismo hecho en el Centro Hist\u00f3rico de la capital oaxaque\u00f1a la noche del 27 de diciembre.<\/p>\n\n\n\n<p>Mientras que la navidad se vivi\u00f3 con un saldo de tres personas ejecutadas en menos de 24 horas en la regi\u00f3n del Istmo de Tehuantepec.<\/p>\n\n\n\n<p>Uno de los saldos m\u00e1s tr\u00e1gicos registrados en diciembre ocurri\u00f3 entre el 17 y 19 de diciembre, con 10 homicidios dolosos en la regi\u00f3n de la Costa, en la cual las autoridades de seguridad del Gobierno del Estado dieron el arranque del operativo de seguridad.<\/p>\n\n\n\n<p>BLOQUEOS<\/p>\n\n\n\n<p>El nuevo gobierno fue recibido con manifestaciones en diferentes zonas del estado, desde la capital con la \u201ctoma\u201d de oficinas de gobierno, m\u00e1s tres bloqueos carreteros, en uno con un saldo de dos veh\u00edculos incendiados.<\/p>\n\n\n\n<p>La transformaci\u00f3n en la forma de gobernar fue imperceptible en los primeros 10 d\u00edas de mandato morenista con el registr\u00f3 de hasta cinco protestas y bloqueos carreteros al noveno d\u00eda de gobierno, en los que la Secretar\u00eda de Gobierno que dirige Jes\u00fas Romero era invisible.<\/p>\n\n\n\n<p>El gobierno enfrent\u00f3 con lentitud y tibieza la retenci\u00f3n de dos mujeres y polic\u00edas municipales por m\u00e1s de dos semanas en San Mart\u00edn Peras, Juxtlahuaca, donde personas armadas intentaron implementar un autogobierno.<\/p>\n\n\n\n<p>As\u00ed tambi\u00e9n, la recuperaci\u00f3n del z\u00f3calo \u2013logro destacado del gobierno en su primer mes- se vio empa\u00f1ada de violencia contra ind\u00edgenas triquis que ocuparon por m\u00e1s de una d\u00e9cada la plaza y el pasillo principal el exterior del Palacio de Gobierno, as\u00ed como posteriormente otro plant\u00f3n alterno por el desalojo.<\/p>\n\n\n\n<p>A su vez, protestas de comerciantes establecidos del Centro Hist\u00f3rico por la ingobernabilidad para dar soluci\u00f3n a los desplazados triquis que con permiso del gobierno del estado pretend\u00edan reinstalar sus puestos ambulantes en calles de la ciudad.<\/p>\n\n\n\n<p>LA \u201cTRANSFORMACI\u00d3N\u201d<\/p>\n\n\n\n<p>Por su parte, el gobierno del estado destac\u00f3 en un video para redes sociales 32 acciones que realiz\u00f3 en el primer mes de gobierno, entre las que se encuentran hechos que anualmente los gobiernos han llevado a cabo esa misma fecha, como son la entrega de cobertores por temporada de fr\u00edo, festival navide\u00f1o y Noche de r\u00e1banos; reuni\u00f3n con el magisterio de Oaxaca que encabeza la Secci\u00f3n 22 del SNTE y Ceremonia de liberaci\u00f3n de personas privadas de su libertad.<\/p>\n\n\n\n<p>Otros logros que destac\u00f3, sin detallar acciones, fueron asistencia al Consejo Nacional de Seguridad P\u00fablica; &nbsp;alimentos seguros bienestar y familia; entrega de andaderas; reuni\u00f3n con integrantes del Movimiento de Unificaci\u00f3n y Lucha Triqui; mesa para la construcci\u00f3n de la paz y seguridad; primera conferencia de prensa de cada lunes; primer d\u00eda de Gozona; reuni\u00f3n con integrantes de Ubisort; Presentaci\u00f3n en materia de derechos humanos; Marca tur\u00edstica; visita a la naci\u00f3n Triqui; paz y seguridad de la regi\u00f3n Costa; encuentro con autoridades de Villa Alta; Consejo Estatal de Seguridad P\u00fablica Oaxaca; Reuni\u00f3n con Andr\u00e9s Manuel L\u00f3pez Obrador; Programa Oaxaca Forestal; perspectiva de g\u00e9nero al gabinete legal; instalaci\u00f3n para el desarrollo integral de la familia; construcci\u00f3n de paz y seguras en Loma bonita; construcci\u00f3n de la Paz con justicia y bienestar para la naci\u00f3n Triqui ; Hospital de especialidades materno- infantil; jornadas de paz y justicia para mujeres, adolescentes y ni\u00f1as y toma de protesta para la Protecci\u00f3n integral de los derechos de ni\u00f1as y ni\u00f1os.<\/p>\n","protected":false},"excerpt":{"rendered":"<p>Yuridiana Sosa\/Zona Roja. Oaxaca de Ju\u00e1rez, Oax., 2 de enero de 2023.- La violencia homicida&hellip;<\/p>\n","protected":false},"author":2,"featured_media":42667,"comment_status":"closed","ping_status":"open","sticky":false,"template":"","format":"standard","meta":{"_lmt_disableupdate":"","_lmt_disable":"","_jetpack_memberships_contains_paid_content":false,"footnotes":""},"categories":[109,47],"tags":[939],"class_list":["post-49980","post","type-post","status-publish","format-standard","has-post-thumbnail","hentry","category-minuto-a-minuto","category-zona-gris","tag-salomon-jara-cruz"],"jetpack_featured_media_url":"https:\/\/zonaroja.com.mx\/wp-content\/uploads\/2022\/06\/63616226-60fd-41a1-ae49-ef3ced4c4f42.jpg","jetpack_sharing_enabled":true,"_links":{"self":[{"href":"https:\/\/zonaroja.com.mx\/index.php?rest_route=\/wp\/v2\/posts\/49980","targetHints":{"allow":["GET"]}}],"collection":[{"href":"https:\/\/zonaroja.com.mx\/index.php?rest_route=\/wp\/v2\/posts"}],"about":[{"href":"https:\/\/zonaroja.com.mx\/index.php?rest_route=\/wp\/v2\/types\/post"}],"author":[{"embeddable":true,"href":"https:\/\/zonaroja.com.mx\/index.php?rest_route=\/wp\/v2\/users\/2"}],"replies":[{"embeddable":true,"href":"https:\/\/zonaroja.com.mx\/index.php?rest_route=%2Fwp%2Fv2%2Fcomments&post=49980"}],"version-history":[{"count":1,"href":"https:\/\/zonaroja.com.mx\/index.php?rest_route=\/wp\/v2\/posts\/49980\/revisions"}],"predecessor-version":[{"id":49981,"href":"https:\/\/zonaroja.com.mx\/index.php?rest_route=\/wp\/v2\/posts\/49980\/revisions\/49981"}],"wp:featuredmedia":[{"embeddable":true,"href":"https:\/\/zonaroja.com.mx\/index.php?rest_route=\/wp\/v2\/media\/42667"}],"wp:attachment":[{"href":"https:\/\/zonaroja.com.mx\/index.php?rest_route=%2Fwp%2Fv2%2Fmedia&parent=49980"}],"wp:term":[{"taxonomy":"category","embeddable":true,"href":"https:\/\/zonaroja.com.mx\/index.php?rest_route=%2Fwp%2Fv2%2Fcategories&post=49980"},{"taxonomy":"post_tag","embeddable":true,"href":"https:\/\/zonaroja.com.mx\/index.php?rest_route=%2Fwp%2Fv2%2Ftags&post=49980"}],"curies":[{"name":"wp","href":"https:\/\/api.w.org\/{rel}","templated":true}]}}