{"id":49982,"date":"2023-01-02T22:20:37","date_gmt":"2023-01-03T04:20:37","guid":{"rendered":"http:\/\/www.zonaroja.com.mx\/?p=49982"},"modified":"2023-01-02T22:20:40","modified_gmt":"2023-01-03T04:20:40","slug":"recibe-primavera-oaxaquena-el-ano-con-bloqueos-y-protesta","status":"publish","type":"post","link":"https:\/\/zonaroja.com.mx\/?p=49982","title":{"rendered":"Recibe \u201cprimavera oaxaque\u00f1a\u201d el a\u00f1o con bloqueos y protesta"},"content":{"rendered":"\n<p>Redacci\u00f3n\/Zona Roja.<\/p>\n\n\n\n<p>Oaxaca de Ju\u00e1rez, Oax., a 2 de enero de 2022.- Con una protesta en la capital y dos bloqueos carreteros en el Istmo inici\u00f3 la \u201cprimavera oaxaque\u00f1a\u201d el 2023.<\/p>\n\n\n\n<p>Desde temprana hora y durante todo el d\u00eda, pobladores de la agencia La Ventosa, bloquearon dos puntos de la carretera Panamericana y la supercarretera, en inmediaciones de dicha localidad.<\/p>\n\n\n\n<p>Ello para exigir al ayuntamiento de Juchit\u00e1n de Zaragoza la dotaci\u00f3n de agua potable, pues el suministro normal estaba afectado.<\/p>\n\n\n\n<p>Miguel S\u00e1nchez Altamirano, quien supli\u00f3 a Emilio Montero P\u00e9rez, no atendi\u00f3 con prontitud el reclamo de los pobladores, por lo que durante todo el lunes el tr\u00e1nsito vehicular hacia Chiapas y hacia la zona norte del Istmo estuvo suspendido.<\/p>\n\n\n\n<p>Mientras que en la capital, un grupo de habitantes del municipio de La Reforma, lleg\u00f3 a una sede del Instituto Estatal Electoral y de Participaci\u00f3n Ciudadana de Oaxaca, en la capital, para reclamar por la toma de protesta de Cipriano Boh\u00f3rquez como presidente municipal, en lugar de Mar\u00eda de Jes\u00fas Hern\u00e1ndez, quien consideran que es la alcaldesa electa.<\/p>\n\n\n\n<p>Tras la atenci\u00f3n de las autoridades electorales, retiraron su manifestaci\u00f3n, bajo el compromiso de revisar el proceso electoral.<\/p>\n","protected":false},"excerpt":{"rendered":"<p>Redacci\u00f3n\/Zona Roja. Oaxaca de Ju\u00e1rez, Oax., a 2 de enero de 2022.- Con una protesta&hellip;<\/p>\n","protected":false},"author":2,"featured_media":49983,"comment_status":"closed","ping_status":"open","sticky":false,"template":"","format":"standard","meta":{"_lmt_disableupdate":"","_lmt_disable":"","_jetpack_memberships_contains_paid_content":false,"footnotes":""},"categories":[109,47],"tags":[123],"class_list":["post-49982","post","type-post","status-publish","format-standard","has-post-thumbnail","hentry","category-minuto-a-minuto","category-zona-gris","tag-juchitan-de-zaragoza"],"jetpack_featured_media_url":"https:\/\/zonaroja.com.mx\/wp-content\/uploads\/2023\/01\/Bloqueo-Istmo-La-Ventosa.jpg","jetpack_sharing_enabled":true,"_links":{"self":[{"href":"https:\/\/zonaroja.com.mx\/index.php?rest_route=\/wp\/v2\/posts\/49982","targetHints":{"allow":["GET"]}}],"collection":[{"href":"https:\/\/zonaroja.com.mx\/index.php?rest_route=\/wp\/v2\/posts"}],"about":[{"href":"https:\/\/zonaroja.com.mx\/index.php?rest_route=\/wp\/v2\/types\/post"}],"author":[{"embeddable":true,"href":"https:\/\/zonaroja.com.mx\/index.php?rest_route=\/wp\/v2\/users\/2"}],"replies":[{"embeddable":true,"href":"https:\/\/zonaroja.com.mx\/index.php?rest_route=%2Fwp%2Fv2%2Fcomments&post=49982"}],"version-history":[{"count":1,"href":"https:\/\/zonaroja.com.mx\/index.php?rest_route=\/wp\/v2\/posts\/49982\/revisions"}],"predecessor-version":[{"id":49984,"href":"https:\/\/zonaroja.com.mx\/index.php?rest_route=\/wp\/v2\/posts\/49982\/revisions\/49984"}],"wp:featuredmedia":[{"embeddable":true,"href":"https:\/\/zonaroja.com.mx\/index.php?rest_route=\/wp\/v2\/media\/49983"}],"wp:attachment":[{"href":"https:\/\/zonaroja.com.mx\/index.php?rest_route=%2Fwp%2Fv2%2Fmedia&parent=49982"}],"wp:term":[{"taxonomy":"category","embeddable":true,"href":"https:\/\/zonaroja.com.mx\/index.php?rest_route=%2Fwp%2Fv2%2Fcategories&post=49982"},{"taxonomy":"post_tag","embeddable":true,"href":"https:\/\/zonaroja.com.mx\/index.php?rest_route=%2Fwp%2Fv2%2Ftags&post=49982"}],"curies":[{"name":"wp","href":"https:\/\/api.w.org\/{rel}","templated":true}]}}