{"id":49985,"date":"2023-01-03T08:51:00","date_gmt":"2023-01-03T14:51:00","guid":{"rendered":"http:\/\/www.zonaroja.com.mx\/?p=49985"},"modified":"2023-01-03T11:59:44","modified_gmt":"2023-01-03T17:59:44","slug":"el-capo-con-celda-vip-en-ciudad-juarez-donde-tenia-caja-fuerte-con-1-7-mdp","status":"publish","type":"post","link":"https:\/\/zonaroja.com.mx\/?p=49985","title":{"rendered":"El joven capo con celda VIP en Ciudad Juarez, donde ten\u00eda caja fuerte con 1.7 mdp"},"content":{"rendered":"\n<p>Redacci\u00f3n\/Zona Roja Cdmx.<\/p>\n\n\n\n<p>Ciudad de M\u00e9xico, a 3 de enero de 2023.- En 13 a\u00f1os de prisi\u00f3n, \u201cEl Neto\u201d fortaleci\u00f3 su imperio criminal desde el reclusorio estatal n\u00famero tres de Ciudad Juarez, donde contaba con celda de lujo, que inclu\u00eda sauna y una caja fuerte donde guardaba alrededor de un mill\u00f3n 700 mil pesos.<\/p>\n\n\n\n<p>Contaba en total con 10 celdas de lujo, con televisi\u00f3n, y donde se hallaron adem\u00e1s 10 armas largas, cuatro cortas y cartuchos; 84 celulares, 285 bolsas de crystal (cuatro kilos), 38 bolsas de coca\u00edna (40 gramos), 68 bolsas con marihuana (16.2 kilos), 69 bolsas de hero\u00edna (1.5 kilos), ocho pastillas de fentanilo y 40 gramos de coca\u00edna<\/p>\n\n\n\n<p>Es Ernesto Alfredo Pi\u00f1\u00f3n de la Cruz, capo del grupo delictivo \u201cLos Mexicles\u201d, que manten\u00eda el control no s\u00f3lo del penal, sino del exterior, donde continuaba con m\u00faltiples actos delictivos.&nbsp;<\/p>\n\n\n\n<p>En el a\u00f1o 2009 fue sentenciado a 224 a\u00f1os de prisi\u00f3n, por diversos delitos del fuero federal. Pero el domingo decidi\u00f3 que era hora de salir, al costo que fuera.<\/p>\n\n\n\n<p>De acuerdo con autoridades estatales y federales, durante la fuga propiciada con violencia, fueron asesinadas 17 personas y lograron la liberaci\u00f3n de 30 reos, entre ellos \u201cEl Neto\u201d.<\/p>\n\n\n\n<p>Ayer cerca del mediod\u00eda, integrantes del gabinete de seguridad del gobierno federal dieron una conferencia de prensa especial, para detallar los hechos sucedidos en el reclusorio del estado de Chihuahua.<\/p>\n\n\n\n<p>La incursi\u00f3n del grupo armado y el posterior mot\u00edn se iniciaron antes de las siete de la ma\u00f1ana del domingo; cerca de las 10 elementos del Ej\u00e9rcito y de la Guardia Nacional lograron ingresar y al mediod\u00eda controlaron la revuelta.<\/p>\n\n\n\n<p>El mismo domingo se detuvo a cinco personas que habr\u00edan participado en la agresi\u00f3n que facilit\u00f3 la fuga.<\/p>\n\n\n\n<p>Seg\u00fan las autoridades, fuerzas federales y estatales establecieron tres puestos de control en las salidas de Ju\u00e1rez y vigilancia en el aeropuerto, en la terminal de autobuses y los cruces aduanales de esa urbe, a fin de localizar a los pr\u00f3fugos y a sus c\u00f3mplices.<\/p>\n\n\n\n<p>\u201cEl Neto\u201d, aprehendido en 2009, es acusado de encabezar a \u201cfuerzas especiales\u201d de la banda \u201cLos Mexicles\u201d, perteneciente al grupo Gente Nueva, brazo armado y operativo del c\u00e1rtel de Sinaloa.<\/p>\n","protected":false},"excerpt":{"rendered":"<p>Redacci\u00f3n\/Zona Roja Cdmx. Ciudad de M\u00e9xico, a 3 de enero de 2023.- En 13 a\u00f1os&hellip;<\/p>\n","protected":false},"author":2,"featured_media":49986,"comment_status":"closed","ping_status":"open","sticky":false,"template":"","format":"standard","meta":{"_lmt_disableupdate":"","_lmt_disable":"","_jetpack_memberships_contains_paid_content":false,"footnotes":""},"categories":[109,47],"tags":[1195,3373],"class_list":["post-49985","post","type-post","status-publish","format-standard","has-post-thumbnail","hentry","category-minuto-a-minuto","category-zona-gris","tag-chihuahua","tag-ernesto-alfredo-pinon-de-la-cruz"],"jetpack_featured_media_url":"https:\/\/zonaroja.com.mx\/wp-content\/uploads\/2023\/01\/Ernesto-Alfredo-Pinon.jpeg","jetpack_sharing_enabled":true,"_links":{"self":[{"href":"https:\/\/zonaroja.com.mx\/index.php?rest_route=\/wp\/v2\/posts\/49985","targetHints":{"allow":["GET"]}}],"collection":[{"href":"https:\/\/zonaroja.com.mx\/index.php?rest_route=\/wp\/v2\/posts"}],"about":[{"href":"https:\/\/zonaroja.com.mx\/index.php?rest_route=\/wp\/v2\/types\/post"}],"author":[{"embeddable":true,"href":"https:\/\/zonaroja.com.mx\/index.php?rest_route=\/wp\/v2\/users\/2"}],"replies":[{"embeddable":true,"href":"https:\/\/zonaroja.com.mx\/index.php?rest_route=%2Fwp%2Fv2%2Fcomments&post=49985"}],"version-history":[{"count":2,"href":"https:\/\/zonaroja.com.mx\/index.php?rest_route=\/wp\/v2\/posts\/49985\/revisions"}],"predecessor-version":[{"id":50008,"href":"https:\/\/zonaroja.com.mx\/index.php?rest_route=\/wp\/v2\/posts\/49985\/revisions\/50008"}],"wp:featuredmedia":[{"embeddable":true,"href":"https:\/\/zonaroja.com.mx\/index.php?rest_route=\/wp\/v2\/media\/49986"}],"wp:attachment":[{"href":"https:\/\/zonaroja.com.mx\/index.php?rest_route=%2Fwp%2Fv2%2Fmedia&parent=49985"}],"wp:term":[{"taxonomy":"category","embeddable":true,"href":"https:\/\/zonaroja.com.mx\/index.php?rest_route=%2Fwp%2Fv2%2Fcategories&post=49985"},{"taxonomy":"post_tag","embeddable":true,"href":"https:\/\/zonaroja.com.mx\/index.php?rest_route=%2Fwp%2Fv2%2Ftags&post=49985"}],"curies":[{"name":"wp","href":"https:\/\/api.w.org\/{rel}","templated":true}]}}