{"id":49988,"date":"2023-01-03T07:17:25","date_gmt":"2023-01-03T13:17:25","guid":{"rendered":"http:\/\/www.zonaroja.com.mx\/?p=49988"},"modified":"2023-01-03T07:17:29","modified_gmt":"2023-01-03T13:17:29","slug":"detienen-a-presunto-autor-de-masacre-en-huazantlan-y-lo-liberan","status":"publish","type":"post","link":"https:\/\/zonaroja.com.mx\/?p=49988","title":{"rendered":"Detienen a presunto autor de masacre en Huazantl\u00e1n\u2026 y lo liberan"},"content":{"rendered":"\n<p>Redacci\u00f3n\/Zona Roja.<\/p>\n\n\n\n<p>Oaxaca de Ju\u00e1rez, Oax., a 3 de enero de 2023.- Uno de los presuntos autores materiales de la masacre en Huazantl\u00e1n del R\u00edo, San Mateo del Mar, Oaxaca, fue aprehendido el fin de semana, pero puesto en libertad horas m\u00e1s tarde.<\/p>\n\n\n\n<p>Camerino D. L., es acusado de participar en el asesinato de 15 personas, entre ellas dos mujeres, perpetrada entre la noche del 21 de junio y la madrugada del d\u00eda siguiente, en el marco de un conflicto municipal.<\/p>\n\n\n\n<p>De acuerdo con el Comit\u00e9 de V\u00edctimas de Huazantl\u00e1n, participaron m\u00e1s de 150 personas en el asesinato de 13 hombres y dos mujeres, pero a pesar de que la Fiscal\u00eda General del Estado de Oaxaca ha liberado las respectivas \u00f3rdenes de aprehensi\u00f3n, la gran mayor\u00eda no se ha cumplido.<\/p>\n\n\n\n<p>Fue el pasado 29 de diciembre en que detuvieron a Camerino D. L., como uno de los probables autores de la masacre.<\/p>\n\n\n\n<p>Sin embargo, el mismo Comit\u00e9 de V\u00edctimas denunci\u00f3 que ayer fue puesto en libertad, supuestamente por falta de pruebas.<\/p>\n\n\n\n<p>Familiares y pobladores de Huazantl\u00e1n dar\u00e1n este mediod\u00eda una conferencia de prensa y prev\u00e9n realizar movilizaciones en la capital oaxaque\u00f1a.<\/p>\n","protected":false},"excerpt":{"rendered":"<p>Redacci\u00f3n\/Zona Roja. Oaxaca de Ju\u00e1rez, Oax., a 3 de enero de 2023.- Uno de los&hellip;<\/p>\n","protected":false},"author":2,"featured_media":49989,"comment_status":"closed","ping_status":"open","sticky":false,"template":"","format":"standard","meta":{"_lmt_disableupdate":"","_lmt_disable":"","_jetpack_memberships_contains_paid_content":false,"footnotes":""},"categories":[109,47],"tags":[1656],"class_list":["post-49988","post","type-post","status-publish","format-standard","has-post-thumbnail","hentry","category-minuto-a-minuto","category-zona-gris","tag-huazantlan-del-rio"],"jetpack_featured_media_url":"https:\/\/zonaroja.com.mx\/wp-content\/uploads\/2023\/01\/Camerino-D.-L.-caso-Huazantlan-masacre.jpg","jetpack_sharing_enabled":true,"_links":{"self":[{"href":"https:\/\/zonaroja.com.mx\/index.php?rest_route=\/wp\/v2\/posts\/49988","targetHints":{"allow":["GET"]}}],"collection":[{"href":"https:\/\/zonaroja.com.mx\/index.php?rest_route=\/wp\/v2\/posts"}],"about":[{"href":"https:\/\/zonaroja.com.mx\/index.php?rest_route=\/wp\/v2\/types\/post"}],"author":[{"embeddable":true,"href":"https:\/\/zonaroja.com.mx\/index.php?rest_route=\/wp\/v2\/users\/2"}],"replies":[{"embeddable":true,"href":"https:\/\/zonaroja.com.mx\/index.php?rest_route=%2Fwp%2Fv2%2Fcomments&post=49988"}],"version-history":[{"count":1,"href":"https:\/\/zonaroja.com.mx\/index.php?rest_route=\/wp\/v2\/posts\/49988\/revisions"}],"predecessor-version":[{"id":49990,"href":"https:\/\/zonaroja.com.mx\/index.php?rest_route=\/wp\/v2\/posts\/49988\/revisions\/49990"}],"wp:featuredmedia":[{"embeddable":true,"href":"https:\/\/zonaroja.com.mx\/index.php?rest_route=\/wp\/v2\/media\/49989"}],"wp:attachment":[{"href":"https:\/\/zonaroja.com.mx\/index.php?rest_route=%2Fwp%2Fv2%2Fmedia&parent=49988"}],"wp:term":[{"taxonomy":"category","embeddable":true,"href":"https:\/\/zonaroja.com.mx\/index.php?rest_route=%2Fwp%2Fv2%2Fcategories&post=49988"},{"taxonomy":"post_tag","embeddable":true,"href":"https:\/\/zonaroja.com.mx\/index.php?rest_route=%2Fwp%2Fv2%2Ftags&post=49988"}],"curies":[{"name":"wp","href":"https:\/\/api.w.org\/{rel}","templated":true}]}}