{"id":49991,"date":"2023-01-03T09:22:00","date_gmt":"2023-01-03T15:22:00","guid":{"rendered":"http:\/\/www.zonaroja.com.mx\/?p=49991"},"modified":"2023-01-03T07:25:14","modified_gmt":"2023-01-03T13:25:14","slug":"anuncia-edil-incremento-del-12-al-salario-de-policias-de-santa-lucia-del-camino","status":"publish","type":"post","link":"https:\/\/zonaroja.com.mx\/?p=49991","title":{"rendered":"Anuncia edil incremento del 12% al salario de polic\u00edas de Santa Luc\u00eda del Camino"},"content":{"rendered":"\n<p>Redacci\u00f3n\/Zona Roja.<\/p>\n\n\n\n<p>Oaxaca de Ju\u00e1rez, Oax., a 3 de enero de 2023.- En el marco del D\u00eda Internacional de la y el Polic\u00eda, el presidente municipal de Santa Luc\u00eda del Camino, Juan Carlos Garc\u00eda M\u00e1rquez, anunci\u00f3 que a partir de la segunda quincena de enero, los polic\u00edas recibir\u00e1n un incremento directo a su salario de 12%, equivalente a mil pesos mensuales.&nbsp;<\/p>\n\n\n\n<p>Adem\u00e1s, celebraron el d\u00eda con un ameno desayuno y con rifa con diversos regalos, ofrecidos por la autoridad municipal.<\/p>\n\n\n\n<p>El edil Garc\u00eda M\u00e1rquez recalc\u00f3 su compromiso en materia de seguridad p\u00fablica para dignificarla y tener un cuerpo de polic\u00edas acorde a las necesidades de su municipio.&nbsp;<\/p>\n\n\n\n<p>Primero fue el equipamiento de uniformes y armas, posteriormente en la tecnolog\u00eda, a trav\u00e9s de su reci\u00e9n inaugurado Centro de Control y Comando (C2) y arcos de seguridad y tercero, en el incremento salarial de las y los polic\u00edas.<\/p>\n\n\n\n<p>El anuncio del aumento lo hizo en su primer informe de gobierno realizado el 10 de diciembre frente al gobernador Salom\u00f3n Jara Cruz y sus habitantes, que se dieron cita para escuchar un informe de resultados.&nbsp;<\/p>\n\n\n\n<p>A 23 d\u00edas de ello, el presidente les dio las buenas nuevas del incremento con cifras y fechas a sus polic\u00edas que, para celebrar su d\u00eda con un desayuno y rifas, donde hubo televisores, hornos, planchas, licuadoras y m\u00e1s electrodom\u00e9sticos.<\/p>\n\n\n\n<p>Los polic\u00edas ven con agrado el incremento, ya que llevaban varios a\u00f1os sin que los voltearan a ver y sentirse parte de una corporaci\u00f3n \u201cSiempre fuimos los \u00faltimos; hoy somos parte importante de esta administraci\u00f3n\u201d, expuso una de ellas.<\/p>\n\n\n\n<p>Por su parte, Garc\u00eda M\u00e1rquez apunt\u00f3 que \u201csi queremos a una polic\u00eda que est\u00e9 acorde a las necesidades de nuestro municipio hay que invertirle para que as\u00ed se les pueda exigir\u201d.&nbsp;<\/p>\n\n\n\n<p>Durante el a\u00f1o, los elementos trabajaron sin descanso con proximidad social, en operativos y dando resultado que la ciudadan\u00eda reconoce.<\/p>\n\n\n\n<p>As\u00ed tambi\u00e9n, les pidi\u00f3 que sigan trabajando bajo la m\u00edstica de servir a la gente con respeto a los derechos humanos e implacable con la delincuencia; \u201cSeamos una polic\u00eda dura con la delincuencia, pero humana con la ciudadan\u00eda; la percepci\u00f3n de la polic\u00eda municipal cambi\u00f3 en este primer a\u00f1o y todav\u00eda nos queda dos a\u00f1os\u201d.<\/p>\n\n\n\n<p>El incremento ser\u00e1 de mil pesos mensuales (500 pesos en cada quincena) directo a sueldos lo que equivale a un mill\u00f3n 600 mil pesos anuales al presupuesto 2023.<\/p>\n\n\n\n<figure class=\"wp-block-embed is-type-rich is-provider-twitter wp-block-embed-twitter\"><div class=\"wp-block-embed__wrapper\">\n<div class=\"twitter-tweet\"><blockquote class=\"twitter-tweet\" data-lang=\"es\"><p lang=\"es\" dir=\"ltr\"><a href=\"https:\/\/twitter.com\/hashtag\/%C3%9AltimoMinuto?src=hash&amp;ref_src=twsrc%5Etfw\">#\u00daltimoMinuto<\/a><br>En el marco del D\u00eda Internacional de la y el Polic\u00eda, el edil del <a href=\"https:\/\/twitter.com\/SantaLucia_Ayto?ref_src=twsrc%5Etfw\">@SantaLucia_Ayto<\/a>, <a href=\"https:\/\/twitter.com\/JC_GMarquez?ref_src=twsrc%5Etfw\">@JC_GMarquez<\/a>, anunci\u00f3 que a partir de la segunda quincena de enero habr\u00e1 un incremento del 12% al salario de los uniformados, equivalente a mil pesos mensuales. <a href=\"https:\/\/t.co\/wiO6tAoQVN\">pic.twitter.com\/wiO6tAoQVN<\/a><\/p>&mdash; Zona Roja Oaxaca (@ZonaRoja_Oaxaca) <a href=\"https:\/\/twitter.com\/ZonaRoja_Oaxaca\/status\/1610062089086705668?ref_src=twsrc%5Etfw\">2 de enero de 2023<\/a><\/blockquote><\/div>\n<\/div><\/figure>\n","protected":false},"excerpt":{"rendered":"<p>Redacci\u00f3n\/Zona Roja. Oaxaca de Ju\u00e1rez, Oax., a 3 de enero de 2023.- En el marco&hellip;<\/p>\n","protected":false},"author":2,"featured_media":49992,"comment_status":"closed","ping_status":"open","sticky":false,"template":"","format":"standard","meta":{"_lmt_disableupdate":"","_lmt_disable":"","_jetpack_memberships_contains_paid_content":false,"footnotes":""},"categories":[109,46],"tags":[],"class_list":["post-49991","post","type-post","status-publish","format-standard","has-post-thumbnail","hentry","category-minuto-a-minuto","category-zona-blanca"],"jetpack_featured_media_url":"https:\/\/zonaroja.com.mx\/wp-content\/uploads\/2023\/01\/Santa-Lucia-Juan-Carlos-Garcia-policias.jpg","jetpack_sharing_enabled":true,"_links":{"self":[{"href":"https:\/\/zonaroja.com.mx\/index.php?rest_route=\/wp\/v2\/posts\/49991","targetHints":{"allow":["GET"]}}],"collection":[{"href":"https:\/\/zonaroja.com.mx\/index.php?rest_route=\/wp\/v2\/posts"}],"about":[{"href":"https:\/\/zonaroja.com.mx\/index.php?rest_route=\/wp\/v2\/types\/post"}],"author":[{"embeddable":true,"href":"https:\/\/zonaroja.com.mx\/index.php?rest_route=\/wp\/v2\/users\/2"}],"replies":[{"embeddable":true,"href":"https:\/\/zonaroja.com.mx\/index.php?rest_route=%2Fwp%2Fv2%2Fcomments&post=49991"}],"version-history":[{"count":1,"href":"https:\/\/zonaroja.com.mx\/index.php?rest_route=\/wp\/v2\/posts\/49991\/revisions"}],"predecessor-version":[{"id":49993,"href":"https:\/\/zonaroja.com.mx\/index.php?rest_route=\/wp\/v2\/posts\/49991\/revisions\/49993"}],"wp:featuredmedia":[{"embeddable":true,"href":"https:\/\/zonaroja.com.mx\/index.php?rest_route=\/wp\/v2\/media\/49992"}],"wp:attachment":[{"href":"https:\/\/zonaroja.com.mx\/index.php?rest_route=%2Fwp%2Fv2%2Fmedia&parent=49991"}],"wp:term":[{"taxonomy":"category","embeddable":true,"href":"https:\/\/zonaroja.com.mx\/index.php?rest_route=%2Fwp%2Fv2%2Fcategories&post=49991"},{"taxonomy":"post_tag","embeddable":true,"href":"https:\/\/zonaroja.com.mx\/index.php?rest_route=%2Fwp%2Fv2%2Ftags&post=49991"}],"curies":[{"name":"wp","href":"https:\/\/api.w.org\/{rel}","templated":true}]}}