{"id":49994,"date":"2023-01-03T07:41:24","date_gmt":"2023-01-03T13:41:24","guid":{"rendered":"http:\/\/www.zonaroja.com.mx\/?p=49994"},"modified":"2023-01-03T07:41:27","modified_gmt":"2023-01-03T13:41:27","slug":"hace-historia-la-suprema-corte-al-elegir-a-una-mujer-como-su-presidenta","status":"publish","type":"post","link":"https:\/\/zonaroja.com.mx\/?p=49994","title":{"rendered":"Hace historia la Suprema Corte al elegir a una mujer como su presidenta"},"content":{"rendered":"\n<p>Redacci\u00f3n\/Zona Roja Cdmx.<\/p>\n\n\n\n<p>Ciudad de M\u00e9xico, a 2 de enero de 2023.- La ministra Norma Luc\u00eda Pi\u00f1a Hern\u00e1ndez fue designada presidenta de la Suprema Corte de Justicia de la Naci\u00f3n (SCJN) y del Consejo de la Judicatura Federal (CJF) para el periodo comprendido a partir de ayer y hasta el 31 de diciembre de 2026; sucede en el cargo al ministro Arturo Zald\u00edvar.<\/p>\n\n\n\n<p>Es la primera vez en la historia del m\u00e1ximo tribunal constitucional del pa\u00eds que una mujer lo preside.<\/p>\n\n\n\n<p>En votaci\u00f3n por c\u00e9dula, la ministra obtuvo seis votos hasta la tercera ronda; su contendiente Alfredo Guti\u00e9rrez Ortiz Mena alcanz\u00f3 cinco votos.<\/p>\n\n\n\n<p>La sucesora de Arturo Zald\u00edvar ofreci\u00f3 en su primer mensaje como presidenta una representaci\u00f3n basada en herramientas jur\u00eddicas y personales.<\/p>\n\n\n\n<p>\u201cPor decisi\u00f3n de mis compa\u00f1eras y compa\u00f1eros, asumo la m\u00e1xima responsabilidad a la que como mexicana, abogada, jurista, integrante del poder Judicial Federal puedo aspirar. La asumo consciente de su complejidad y ante ello, si bien se antoja la magia y el ilusionismo, lo que ofrezco es una representaci\u00f3n basada en las herramientas que me han guiado, en lo que soy, en lo que somos como juzgadoras y juzgadores: estudio, reflexi\u00f3n, acci\u00f3n, autocr\u00edtica, honradez, empat\u00eda.<\/p>\n\n\n\n<p>\u201cAs\u00ed, con lo que sabemos y somos, dando pasos firmes, caminando juntos estoy convencida que sabremos aprovechar la oportunidad que representa todo reto en beneficio del poder Judicial de la Federaci\u00f3n, en beneficio de nuestro pa\u00eds, en beneficio de M\u00e9xico\u201d, afirm\u00f3.<\/p>\n\n\n\n<p>VOTACIONES Y TRAYECTORIA<\/p>\n\n\n\n<p>En su momento, Pi\u00f1a Hern\u00e1ndez, como ministra de la Corte, vot\u00f3 en favor de la despenalizaci\u00f3n del aborto en Coahuila, del uso l\u00fadico de la marihuana, de la militarizaci\u00f3n de la fuerza p\u00fablica, as\u00ed como de la eliminaci\u00f3n de la prisi\u00f3n preventiva oficiosa.<br>La ministra presidenta es licenciada en Derecho, por la Universidad Nacional Aut\u00f3noma de M\u00e9xico y doctora en Derecho por la misma instituci\u00f3n.<br>Adem\u00e1s, ha cursado especialidades Psicolog\u00eda Social y Comunicaci\u00f3n; en Derecho Constitucional y Administrativo y Judicial y en Derecho Penal, as\u00ed como en Argumentaci\u00f3n Jur\u00eddica.<br>Aunque inici\u00f3 su carrera profesional como profesora de Educaci\u00f3n Primaria en la Escuela de Experimentaci\u00f3n Pedag\u00f3gica \u201cManuel M. Acosta\u201d Anexa a la Benem\u00e9rita Escuela Nacional de Maestros, pronto incursion\u00f3 en el \u00e1rea jur\u00eddica. Se desempe\u00f1\u00f3 como t\u00e9cnica Acad\u00e9mica en el Instituto de Investigaciones Jur\u00eddicas de la Universidad Nacional Aut\u00f3noma de M\u00e9xico; secretaria Proyectista en el Tercer Tribunal Colegiado en Materia Administrativa del Primer Circuito y secretaria de Estudio y Cuenta en la Primera Sala de la Suprema Corte de Justicia de la Naci\u00f3n.<br>Posteriormente fue juez por Oposici\u00f3n en el Juzgado Tercero de Distrito en el Estado de Morelos; juez Quinto de Distrito en Materia Administrativa en el Distrito Federal; magistrada de Circuito por Oposici\u00f3n; y magistrada ratificada en el Decimocuarto Tribunal Colegiado en Materia Administrativa del Primer Circuito.<br>Tambi\u00e9n ha sido magistrada en el Vig\u00e9simo Tribunal Colegiado en Materia Administrativa del Primer Circuito y actualmente es ministra de la Suprema Corte de Justicia de la Naci\u00f3n.<br>Pi\u00f1a Hern\u00e1ndez presidir\u00eda la SCJN y el CJF hasta el 31 de diciembre de 2026.<br>(Informaci\u00f3n de \u201cEl Economista\u201d)<\/p>\n","protected":false},"excerpt":{"rendered":"<p>Redacci\u00f3n\/Zona Roja Cdmx. Ciudad de M\u00e9xico, a 2 de enero de 2023.- La ministra Norma&hellip;<\/p>\n","protected":false},"author":2,"featured_media":49995,"comment_status":"closed","ping_status":"open","sticky":false,"template":"","format":"standard","meta":{"_lmt_disableupdate":"","_lmt_disable":"","_jetpack_memberships_contains_paid_content":false,"footnotes":""},"categories":[109,46],"tags":[3374,2878],"class_list":["post-49994","post","type-post","status-publish","format-standard","has-post-thumbnail","hentry","category-minuto-a-minuto","category-zona-blanca","tag-norma-lucia-pina-hernandez","tag-suprema-corte-de-justicia-de-la-nacion-scjn"],"jetpack_featured_media_url":"https:\/\/zonaroja.com.mx\/wp-content\/uploads\/2023\/01\/Norma-Lucia-Pina-Hernandez.jpeg","jetpack_sharing_enabled":true,"_links":{"self":[{"href":"https:\/\/zonaroja.com.mx\/index.php?rest_route=\/wp\/v2\/posts\/49994","targetHints":{"allow":["GET"]}}],"collection":[{"href":"https:\/\/zonaroja.com.mx\/index.php?rest_route=\/wp\/v2\/posts"}],"about":[{"href":"https:\/\/zonaroja.com.mx\/index.php?rest_route=\/wp\/v2\/types\/post"}],"author":[{"embeddable":true,"href":"https:\/\/zonaroja.com.mx\/index.php?rest_route=\/wp\/v2\/users\/2"}],"replies":[{"embeddable":true,"href":"https:\/\/zonaroja.com.mx\/index.php?rest_route=%2Fwp%2Fv2%2Fcomments&post=49994"}],"version-history":[{"count":1,"href":"https:\/\/zonaroja.com.mx\/index.php?rest_route=\/wp\/v2\/posts\/49994\/revisions"}],"predecessor-version":[{"id":49996,"href":"https:\/\/zonaroja.com.mx\/index.php?rest_route=\/wp\/v2\/posts\/49994\/revisions\/49996"}],"wp:featuredmedia":[{"embeddable":true,"href":"https:\/\/zonaroja.com.mx\/index.php?rest_route=\/wp\/v2\/media\/49995"}],"wp:attachment":[{"href":"https:\/\/zonaroja.com.mx\/index.php?rest_route=%2Fwp%2Fv2%2Fmedia&parent=49994"}],"wp:term":[{"taxonomy":"category","embeddable":true,"href":"https:\/\/zonaroja.com.mx\/index.php?rest_route=%2Fwp%2Fv2%2Fcategories&post=49994"},{"taxonomy":"post_tag","embeddable":true,"href":"https:\/\/zonaroja.com.mx\/index.php?rest_route=%2Fwp%2Fv2%2Ftags&post=49994"}],"curies":[{"name":"wp","href":"https:\/\/api.w.org\/{rel}","templated":true}]}}