{"id":49997,"date":"2023-01-03T10:08:00","date_gmt":"2023-01-03T16:08:00","guid":{"rendered":"http:\/\/www.zonaroja.com.mx\/?p=49997"},"modified":"2023-01-03T08:13:11","modified_gmt":"2023-01-03T14:13:11","slug":"por-favor-por-piedad-por-caridad-detengan-las-balaceras-de-fin-de-ano","status":"publish","type":"post","link":"https:\/\/zonaroja.com.mx\/?p=49997","title":{"rendered":"\u201cPor favor, por piedad, por caridad, detengan las balaceras de fin de a\u00f1o\u201d"},"content":{"rendered":"\n<p>Ismael Garc\u00eda M.\/Zona Roja. Foto: Ilustraci\u00f3n<\/p>\n\n\n\n<p>Oaxaca de Ju\u00e1rez, Oax., a 3 de enero de 2023.- La s\u00faplica es de do\u00f1a Consuelo R\u00edos Fabi\u00e1n, t\u00eda de Antonio A. R., adolescente que muri\u00f3 a causa de una bala perdida en los primeros minutos del 1 de enero, en San Jos\u00e9 del Progreso, Villa de Tututepec.<\/p>\n\n\n\n<p>\u201cHago un llamado para las autoridades competentes, para que por favor, por piedad y por caridad, que ya detengan esa balacera que se hace cada fin de a\u00f1o, por favor.<\/p>\n\n\n\n<p>\u201cMi sobrino Antonio A. R., perdi\u00f3 la vida por una bala perdida, cuando jugaba en el patio de la casa y le quit\u00f3 la vida\u201d, explica en un video difundido anoche.<\/p>\n\n\n\n<p>El adolescente era estudiante de secundaria; a la media noche del 31 de diciembre jugaba en el patio de su casa, en la calle D\u00edaz Ordaz de la colonia Sector 1, camino a \u201cLa Consentida\u201d.<\/p>\n\n\n\n<p>Cuando una bala perdida, de uno de los vecinos, le toc\u00f3 directamente y al instante cay\u00f3 fulminado. Param\u00e9dicos arribaron para prestarle los primeros auxilios, pero el ni\u00f1o ya hab\u00eda fallecido.<\/p>\n\n\n\n<p>\u201cPor favor, le pido de la manera m\u00e1s atenta para que no sigan muriendo m\u00e1s personas cada a\u00f1o, como muri\u00f3 mi sobrinito, que ten\u00eda toda una vida por delante. Era un adolescente, estudiaba la secundaria, les pido por favor que mi petici\u00f3n no quede sin escuchar, para que ya no haya m\u00e1s p\u00e9rdidas humanas, por favor, por caridad\u201d, afirma la mujer.<\/p>\n\n\n\n<p>El cuerpo de Antonio se vel\u00f3 en el domicilio de su abuela Fancisca Fabi\u00e1n Santiago, y el pueblo en general se ha solidarizado con ellos, ante la tragedia.<\/p>\n\n\n\n<p>De acuerdo con la Fiscal\u00eda General del Estado de Oaxaca, ya cuenta con diversos indicios acerca de los hechos ocurridos en los primeros minutos del 1 de enero.<\/p>\n","protected":false},"excerpt":{"rendered":"<p>Ismael Garc\u00eda M.\/Zona Roja. Foto: Ilustraci\u00f3n Oaxaca de Ju\u00e1rez, Oax., a 3 de enero de&hellip;<\/p>\n","protected":false},"author":2,"featured_media":49998,"comment_status":"closed","ping_status":"open","sticky":false,"template":"","format":"standard","meta":{"_lmt_disableupdate":"","_lmt_disable":"","_jetpack_memberships_contains_paid_content":false,"footnotes":""},"categories":[109,47],"tags":[578],"class_list":["post-49997","post","type-post","status-publish","format-standard","has-post-thumbnail","hentry","category-minuto-a-minuto","category-zona-gris","tag-san-jose-del-progreso"],"jetpack_featured_media_url":"https:\/\/zonaroja.com.mx\/wp-content\/uploads\/2023\/01\/Ataud-blanco.jpeg","jetpack_sharing_enabled":true,"_links":{"self":[{"href":"https:\/\/zonaroja.com.mx\/index.php?rest_route=\/wp\/v2\/posts\/49997","targetHints":{"allow":["GET"]}}],"collection":[{"href":"https:\/\/zonaroja.com.mx\/index.php?rest_route=\/wp\/v2\/posts"}],"about":[{"href":"https:\/\/zonaroja.com.mx\/index.php?rest_route=\/wp\/v2\/types\/post"}],"author":[{"embeddable":true,"href":"https:\/\/zonaroja.com.mx\/index.php?rest_route=\/wp\/v2\/users\/2"}],"replies":[{"embeddable":true,"href":"https:\/\/zonaroja.com.mx\/index.php?rest_route=%2Fwp%2Fv2%2Fcomments&post=49997"}],"version-history":[{"count":1,"href":"https:\/\/zonaroja.com.mx\/index.php?rest_route=\/wp\/v2\/posts\/49997\/revisions"}],"predecessor-version":[{"id":49999,"href":"https:\/\/zonaroja.com.mx\/index.php?rest_route=\/wp\/v2\/posts\/49997\/revisions\/49999"}],"wp:featuredmedia":[{"embeddable":true,"href":"https:\/\/zonaroja.com.mx\/index.php?rest_route=\/wp\/v2\/media\/49998"}],"wp:attachment":[{"href":"https:\/\/zonaroja.com.mx\/index.php?rest_route=%2Fwp%2Fv2%2Fmedia&parent=49997"}],"wp:term":[{"taxonomy":"category","embeddable":true,"href":"https:\/\/zonaroja.com.mx\/index.php?rest_route=%2Fwp%2Fv2%2Fcategories&post=49997"},{"taxonomy":"post_tag","embeddable":true,"href":"https:\/\/zonaroja.com.mx\/index.php?rest_route=%2Fwp%2Fv2%2Ftags&post=49997"}],"curies":[{"name":"wp","href":"https:\/\/api.w.org\/{rel}","templated":true}]}}