{"id":50000,"date":"2023-01-03T08:35:35","date_gmt":"2023-01-03T14:35:35","guid":{"rendered":"http:\/\/www.zonaroja.com.mx\/?p=50000"},"modified":"2023-01-03T08:37:47","modified_gmt":"2023-01-03T14:37:47","slug":"frente-a-modulo-de-policia-asesinan-a-individuo-en-oaxaca-capital","status":"publish","type":"post","link":"https:\/\/zonaroja.com.mx\/?p=50000","title":{"rendered":"Frente a m\u00f3dulo de polic\u00eda, asesinan a individuo en Oaxaca capital"},"content":{"rendered":"\n<p>Ismael Garc\u00eda M.\/Zona Roja.<\/p>\n\n\n\n<p>Oaxaca de Ju\u00e1rez, Oax., a 3 de enero de 2023.- A unos metros de un m\u00f3dulo policiaco y a tres d\u00edas de un probable feminicidio, la madrugada de este martes fue asesinado un individuo en la ciudad de Oaxaca.<\/p>\n\n\n\n<p>Fue entre montones de basura de la avenida Central, junto al Mercado de Abasto, en que se hall\u00f3 el cuerpo sin vida de un masculino, de aproximadamente 45 a\u00f1os de edad, con huellas de violencia.<\/p>\n\n\n\n<p>Los polic\u00edas al mando del secretario de Seguridad, Ra\u00fal \u00c1vila Ibarra, no se percataron de momento en que fue asesinado el individuo, en consecuencia no hay personas detenidas.<\/p>\n\n\n\n<p>En esta ocasi\u00f3n, peritos y agentes de investigaci\u00f3n de la Fiscal\u00eda General del Estado de Oaxaca acudieron de inmediato para realizar las indagatorias y ordenar el retiro r\u00e1pido del cuerpo.<\/p>\n\n\n\n<p>Apenas el pasado s\u00e1bado por la ma\u00f1ana, una mujer fue asesinada, cerca de la prolongaci\u00f3n de Valerio Trujano, a unos metros del crimen de hoy; adem\u00e1s, resultaron lesionados un joven y una menor de edad y por cuyos hechos a\u00fan no hay personas detenidas.<\/p>\n\n\n\n<p>Mientras que en los primeros minutos del 28 de diciembre fueron ultimados dos individuos en una taquer\u00eda, a dos cuadras del z\u00f3calo de la ciudad de Oaxaca.<\/p>\n","protected":false},"excerpt":{"rendered":"<p>Ismael Garc\u00eda M.\/Zona Roja. Oaxaca de Ju\u00e1rez, Oax., a 3 de enero de 2023.- A&hellip;<\/p>\n","protected":false},"author":2,"featured_media":50002,"comment_status":"closed","ping_status":"open","sticky":false,"template":"","format":"standard","meta":{"_lmt_disableupdate":"","_lmt_disable":"","_jetpack_memberships_contains_paid_content":false,"footnotes":""},"categories":[109,51],"tags":[148],"class_list":["post-50000","post","type-post","status-publish","format-standard","has-post-thumbnail","hentry","category-minuto-a-minuto","category-zona-roja","tag-oaxaca-de-juarez"],"jetpack_featured_media_url":"https:\/\/zonaroja.com.mx\/wp-content\/uploads\/2023\/01\/Asesinado-ciudad-de-Oaxaca.jpg","jetpack_sharing_enabled":true,"_links":{"self":[{"href":"https:\/\/zonaroja.com.mx\/index.php?rest_route=\/wp\/v2\/posts\/50000","targetHints":{"allow":["GET"]}}],"collection":[{"href":"https:\/\/zonaroja.com.mx\/index.php?rest_route=\/wp\/v2\/posts"}],"about":[{"href":"https:\/\/zonaroja.com.mx\/index.php?rest_route=\/wp\/v2\/types\/post"}],"author":[{"embeddable":true,"href":"https:\/\/zonaroja.com.mx\/index.php?rest_route=\/wp\/v2\/users\/2"}],"replies":[{"embeddable":true,"href":"https:\/\/zonaroja.com.mx\/index.php?rest_route=%2Fwp%2Fv2%2Fcomments&post=50000"}],"version-history":[{"count":2,"href":"https:\/\/zonaroja.com.mx\/index.php?rest_route=\/wp\/v2\/posts\/50000\/revisions"}],"predecessor-version":[{"id":50005,"href":"https:\/\/zonaroja.com.mx\/index.php?rest_route=\/wp\/v2\/posts\/50000\/revisions\/50005"}],"wp:featuredmedia":[{"embeddable":true,"href":"https:\/\/zonaroja.com.mx\/index.php?rest_route=\/wp\/v2\/media\/50002"}],"wp:attachment":[{"href":"https:\/\/zonaroja.com.mx\/index.php?rest_route=%2Fwp%2Fv2%2Fmedia&parent=50000"}],"wp:term":[{"taxonomy":"category","embeddable":true,"href":"https:\/\/zonaroja.com.mx\/index.php?rest_route=%2Fwp%2Fv2%2Fcategories&post=50000"},{"taxonomy":"post_tag","embeddable":true,"href":"https:\/\/zonaroja.com.mx\/index.php?rest_route=%2Fwp%2Fv2%2Ftags&post=50000"}],"curies":[{"name":"wp","href":"https:\/\/api.w.org\/{rel}","templated":true}]}}