{"id":50006,"date":"2023-01-03T11:43:00","date_gmt":"2023-01-03T17:43:00","guid":{"rendered":"http:\/\/www.zonaroja.com.mx\/?p=50006"},"modified":"2023-01-03T13:32:59","modified_gmt":"2023-01-03T19:32:59","slug":"pend-17","status":"publish","type":"post","link":"https:\/\/zonaroja.com.mx\/?p=50006","title":{"rendered":"Polic\u00eda del A\u00f1o en la capital de Oaxaca es licenciado en Administraci\u00f3n de Empresas"},"content":{"rendered":"\n<p>Redacci\u00f3n\/Zona Roja.&nbsp;<\/p>\n\n\n\n<p>Oaxaca de Ju\u00e1rez, Oax., a 3 de enero de 2023. Pedro Alejandro es desde hace 15 a\u00f1os elemento de la Polic\u00eda Vial del municipio de Oaxaca de Ju\u00e1rez.&nbsp;<\/p>\n\n\n\n<p>Con esfuerzos logr\u00f3 terminar una carrera, de licenciado en Administraci\u00f3n de Empresas, y desde el a\u00f1o pasado fue ascendido y trasladado a otra \u00e1rea.&nbsp;<\/p>\n\n\n\n<p>Precisamente por su esfuerzo, lealtad, compromiso, disposici\u00f3n, disciplina y amor al trabajo, fue elegido como el Polic\u00eda del A\u00f1o 2022 y ayer Pedro Alejandro Leyva Hern\u00e1ndez recibi\u00f3 el reconocimiento y varios est\u00edmulos.&nbsp;<\/p>\n\n\n\n<p>En el marco del D\u00eda Internacional del Polic\u00eda, el presidente municipal Francisco Mart\u00ednez Neri lo felicit\u00f3 y le entreg\u00f3, entre otros, un cheque por 50 mil pesos.&nbsp;<\/p>\n\n\n\n<p>El Polic\u00eda Tercero Vial es originario de Oaxaca de Ju\u00e1rez, con 15 a\u00f1os de servicio; ingres\u00f3 a la corporaci\u00f3n el d\u00eda 1 de mayo de 2007 y se ha desempe\u00f1ado como Oficial de Vialidad hasta el d\u00eda que ingres\u00f3 al grupo de nueva creaci\u00f3n para la Recuperaci\u00f3n e Identificaci\u00f3n de Veh\u00edculos Robados \u201cBengala\u201d, creado el 3 de febrero de 2022:<\/p>\n\n\n\n<p>Desde ah\u00ed desarrolla los conocimientos adquirido en la materia, lo que lo hizo acreedor al premio.<\/p>\n\n\n\n<p>Para alcanzar la distinci\u00f3n, fue sometido como el resto de participantes a diferentes reactivos de evaluaci\u00f3n como: antig\u00fcedad en el servicio, nivel acad\u00e9mico, examen de control y confianza, antidoping, examen f\u00edsico, m\u00e9ritos y dem\u00e9ritos, as\u00ed como examen de conocimiento generales, alcanzando la mayor calificaci\u00f3n con 307 puntos.&nbsp;<\/p>\n\n\n\n<p>Siendo su desempe\u00f1o un modelo aspiracional para el resto de elementos que conforman de la Secretar\u00eda de Seguridad municipal.<\/p>\n\n\n\n<p>En ese marco se llev\u00f3 a cabo ayer  la segunda etapa del programa de est\u00edmulos, recompensas, para los integrantes de la corporaci\u00f3n.<\/p>\n\n\n\n<figure class=\"wp-block-embed\"><div class=\"wp-block-embed__wrapper\">\n<div class=\"twitter-tweet\"><blockquote class=\"twitter-tweet\" data-lang=\"es\"><p lang=\"es\" dir=\"ltr\">\ud83d\udc4f\ud83d\udc4f\ud83d\udc4f\ud83d\udc4f\ud83d\udc4f<br>\u00a1Polic\u00eda del A\u00f1o en <a href=\"https:\/\/twitter.com\/hashtag\/Oaxaca?src=hash&amp;ref_src=twsrc%5Etfw\">#Oaxaca<\/a> de Ju\u00e1rez! <br>Es Pedro Alejandro Leyva Hern\u00e1ndez, Polic\u00eda Vial Tercero.<br>Se destac\u00f3 en 2022 por su desempe\u00f1o y honradez. <br>El edil del <a href=\"https:\/\/twitter.com\/MunicipioOaxaca?ref_src=twsrc%5Etfw\">@MunicipioOaxaca<\/a>, <a href=\"https:\/\/twitter.com\/FMartinezNeri?ref_src=twsrc%5Etfw\">@FMartinezNeri<\/a>, le entreg\u00f3 hoy un reconocimiento y otros apoyos. <a href=\"https:\/\/t.co\/8KmbrnMeWJ\">pic.twitter.com\/8KmbrnMeWJ<\/a><\/p>&mdash; Zona Roja Oaxaca (@ZonaRoja_Oaxaca) <a href=\"https:\/\/twitter.com\/ZonaRoja_Oaxaca\/status\/1609979818757464064?ref_src=twsrc%5Etfw\">2 de enero de 2023<\/a><\/blockquote><\/div>\n<\/div><\/figure>\n","protected":false},"excerpt":{"rendered":"<p>Redacci\u00f3n\/Zona Roja.&nbsp; Oaxaca de Ju\u00e1rez, Oax., a 3 de enero de 2023. Pedro Alejandro es&hellip;<\/p>\n","protected":false},"author":2,"featured_media":50001,"comment_status":"closed","ping_status":"open","sticky":false,"template":"","format":"standard","meta":{"_lmt_disableupdate":"","_lmt_disable":"","_jetpack_memberships_contains_paid_content":false,"footnotes":""},"categories":[109,46],"tags":[],"class_list":["post-50006","post","type-post","status-publish","format-standard","has-post-thumbnail","hentry","category-minuto-a-minuto","category-zona-blanca"],"jetpack_featured_media_url":"https:\/\/zonaroja.com.mx\/wp-content\/uploads\/2023\/01\/Policia-municipal-galardonado-Oaxaca.jpg","jetpack_sharing_enabled":true,"_links":{"self":[{"href":"https:\/\/zonaroja.com.mx\/index.php?rest_route=\/wp\/v2\/posts\/50006","targetHints":{"allow":["GET"]}}],"collection":[{"href":"https:\/\/zonaroja.com.mx\/index.php?rest_route=\/wp\/v2\/posts"}],"about":[{"href":"https:\/\/zonaroja.com.mx\/index.php?rest_route=\/wp\/v2\/types\/post"}],"author":[{"embeddable":true,"href":"https:\/\/zonaroja.com.mx\/index.php?rest_route=\/wp\/v2\/users\/2"}],"replies":[{"embeddable":true,"href":"https:\/\/zonaroja.com.mx\/index.php?rest_route=%2Fwp%2Fv2%2Fcomments&post=50006"}],"version-history":[{"count":2,"href":"https:\/\/zonaroja.com.mx\/index.php?rest_route=\/wp\/v2\/posts\/50006\/revisions"}],"predecessor-version":[{"id":50009,"href":"https:\/\/zonaroja.com.mx\/index.php?rest_route=\/wp\/v2\/posts\/50006\/revisions\/50009"}],"wp:featuredmedia":[{"embeddable":true,"href":"https:\/\/zonaroja.com.mx\/index.php?rest_route=\/wp\/v2\/media\/50001"}],"wp:attachment":[{"href":"https:\/\/zonaroja.com.mx\/index.php?rest_route=%2Fwp%2Fv2%2Fmedia&parent=50006"}],"wp:term":[{"taxonomy":"category","embeddable":true,"href":"https:\/\/zonaroja.com.mx\/index.php?rest_route=%2Fwp%2Fv2%2Fcategories&post=50006"},{"taxonomy":"post_tag","embeddable":true,"href":"https:\/\/zonaroja.com.mx\/index.php?rest_route=%2Fwp%2Fv2%2Ftags&post=50006"}],"curies":[{"name":"wp","href":"https:\/\/api.w.org\/{rel}","templated":true}]}}