{"id":5001,"date":"2019-10-21T09:20:04","date_gmt":"2019-10-21T14:20:04","guid":{"rendered":"http:\/\/www.zonaroja.com.mx\/?p=5001"},"modified":"2019-10-21T09:20:07","modified_gmt":"2019-10-21T14:20:07","slug":"con-toma-de-caseta-de-peaje-exigen-destitucion-del-fiscal-en-oaxaca","status":"publish","type":"post","link":"https:\/\/zonaroja.com.mx\/?p=5001","title":{"rendered":"Con \u201ctoma\u201d de caseta de peaje, exigen destituci\u00f3n del Fiscal en Oaxaca"},"content":{"rendered":"\n<p>Redacci\u00f3n\/Zona Roja.<\/p>\n\n\n\n<p>Oaxaca de Ju\u00e1rez, Oax., 21 de octubre\nde 2019.- Integrantes de la Asamblea de Pueblos en Defensa del Territorio, la\nEducaci\u00f3n P\u00fablica, Gratuita y los Derechos Humanos, iniciaron este lunes una\njornada de lucha contra la impunidad, a fin de denunciar las violaciones a\nderechos humanos que sufren los pueblos originarios de Oaxaca.<\/p>\n\n\n\n<p>Desde temprana hora de este lunes se\napoderaron de la caseta de cobro de la supercarretera Oaxaca-Cuacnopalan, a la\naltura de la localidad de San Pablo Huitzo, para exigir la destituci\u00f3n del\nfiscal General, Rub\u00e9n Vasconcelos M\u00e9ndez, a quien acusan de contar con nexos\ncon el crimen organizado y grupos paramilitares en la entidad.<\/p>\n\n\n\n<p>As\u00ed lo describieron en la lona que\natravesaron en los carriles de cobro, en la que se puede leer dicha acusaci\u00f3n\nen contra del funcionario estatal, que adem\u00e1s previamente en conferencia de\nprensa ya hab\u00edan dado a conocer.<\/p>\n\n\n\n<p>El grupo manifestante lament\u00f3 la falta\nde aplicaci\u00f3n de justicia en torno al asesinato de tres militantes del Consejo\nde Comunidades Ind\u00edgenas de la Sierra Sur (Cociss), ocurrido en el 2017 y\nse\u00f1alando como responsables a integrantes de la organizaci\u00f3n Antorcha\nCampesina, a quienes calificaron protege el fiscal Rub\u00e9n Vasconcelos.<\/p>\n\n\n\n<p>Por lo anterior, han pedido la\nintervenci\u00f3n de la Fiscal\u00eda General de Rep\u00fablica (FGR) a fin de que investigue\nlos hechos en lo que no ha podido avanzar la dependencia federal, a la par que\nreiteraron la exigencia de renuncia del titular de la dependencia local\nencargada de procurar justicia.<\/p>\n\n\n\n<p>En abril de este mismo a\u00f1o, otro grupo\nde organizaciones locales, integrado por militantes del Consejo de\nOrganizaciones Oaxaque\u00f1as Aut\u00f3nomas (COOA), realiz\u00f3 una jornada contra la\nimpunidad que inclu\u00eda un plant\u00f3n en el z\u00f3calo de la ciudad de Oaxaca, a fin de\ndenunciar los atropellos del Estado en contra de los pueblos originarios.<\/p>\n\n\n\n<p>Explicaron que pese a las m\u00faltiples\ndenuncias, en torno a las violaciones de sus derechos humanos, no hay\nresultados contundentes en torno al asesinato de cinco integrantes del Comit\u00e9\nde Defensa de los Pueblos Ind\u00edgenas (Codedi) y otros tres asesinatos m\u00e1s de\nluchadores sociales.<\/p>\n\n\n\n<p>Lo cual se traduce en una total\nimpunidad ante cr\u00edmenes contra ind\u00edgenas que defienden sus pueblos y\ncomunidades, debido al contubernio entre los gobiernos a fin de apoderarse de\nlos territorios y recursos que defienden las organizaciones y comunidades.<\/p>\n","protected":false},"excerpt":{"rendered":"<p>Redacci\u00f3n\/Zona Roja. Oaxaca de Ju\u00e1rez, Oax., 21 de octubre de 2019.- Integrantes de la Asamblea&hellip;<\/p>\n","protected":false},"author":2,"featured_media":5002,"comment_status":"closed","ping_status":"open","sticky":false,"template":"","format":"standard","meta":{"_lmt_disableupdate":"","_lmt_disable":"","_jetpack_memberships_contains_paid_content":false,"footnotes":""},"categories":[109,47],"tags":[494,170],"class_list":["post-5001","post","type-post","status-publish","format-standard","has-post-thumbnail","hentry","category-minuto-a-minuto","category-zona-gris","tag-fiscalia-general-del-estado-de-oaxaca","tag-ruben-vasconcelos-mendez"],"jetpack_featured_media_url":"https:\/\/zonaroja.com.mx\/wp-content\/uploads\/2019\/10\/c1130ff3-aa90-42e0-8f01-f72fd94ce289.jpg","jetpack_sharing_enabled":true,"_links":{"self":[{"href":"https:\/\/zonaroja.com.mx\/index.php?rest_route=\/wp\/v2\/posts\/5001","targetHints":{"allow":["GET"]}}],"collection":[{"href":"https:\/\/zonaroja.com.mx\/index.php?rest_route=\/wp\/v2\/posts"}],"about":[{"href":"https:\/\/zonaroja.com.mx\/index.php?rest_route=\/wp\/v2\/types\/post"}],"author":[{"embeddable":true,"href":"https:\/\/zonaroja.com.mx\/index.php?rest_route=\/wp\/v2\/users\/2"}],"replies":[{"embeddable":true,"href":"https:\/\/zonaroja.com.mx\/index.php?rest_route=%2Fwp%2Fv2%2Fcomments&post=5001"}],"version-history":[{"count":1,"href":"https:\/\/zonaroja.com.mx\/index.php?rest_route=\/wp\/v2\/posts\/5001\/revisions"}],"predecessor-version":[{"id":5003,"href":"https:\/\/zonaroja.com.mx\/index.php?rest_route=\/wp\/v2\/posts\/5001\/revisions\/5003"}],"wp:featuredmedia":[{"embeddable":true,"href":"https:\/\/zonaroja.com.mx\/index.php?rest_route=\/wp\/v2\/media\/5002"}],"wp:attachment":[{"href":"https:\/\/zonaroja.com.mx\/index.php?rest_route=%2Fwp%2Fv2%2Fmedia&parent=5001"}],"wp:term":[{"taxonomy":"category","embeddable":true,"href":"https:\/\/zonaroja.com.mx\/index.php?rest_route=%2Fwp%2Fv2%2Fcategories&post=5001"},{"taxonomy":"post_tag","embeddable":true,"href":"https:\/\/zonaroja.com.mx\/index.php?rest_route=%2Fwp%2Fv2%2Ftags&post=5001"}],"curies":[{"name":"wp","href":"https:\/\/api.w.org\/{rel}","templated":true}]}}