{"id":50010,"date":"2023-01-03T15:28:32","date_gmt":"2023-01-03T21:28:32","guid":{"rendered":"http:\/\/www.zonaroja.com.mx\/?p=50010"},"modified":"2023-01-03T15:28:35","modified_gmt":"2023-01-03T21:28:35","slug":"incendian-vivienda-de-una-familia-en-matias-romero-hay-cinco-quemados","status":"publish","type":"post","link":"https:\/\/zonaroja.com.mx\/?p=50010","title":{"rendered":"Incendian vivienda de una familia en Mat\u00edas Romero; hay cinco quemados"},"content":{"rendered":"\n<p>Ismael Garc\u00eda M.\/Zona Roja.<\/p>\n\n\n\n<p>Oaxaca de Ju\u00e1rez, Oax., a 3 de enero de 2023.- Sujetos desconocidos incendiaron la madrugada de hoy una vivienda en el municipio de Mat\u00edas Romero Avenda\u00f1o, Oaxaca, e intentaron calcinar a una familia.<\/p>\n\n\n\n<p>Como resultado de ello, el padre, la madre, una adulta mayor y dos menores de edad sufrieron quemaduras graves y fueron trasladadas al hospital del IMSS en ese municipio de la zona norte del Istmo de Tehuantepec.<\/p>\n\n\n\n<p>En un comunicado, la Fiscal\u00eda General del Estado de Oaxaca (FGEO) dio a conocer que inici\u00f3 la Carpeta de Investigaci\u00f3n 200\/FIST\/FMUJ-TEHUANTEPEC\/2023 por el delito de tentativa de feminicidio.<\/p>\n\n\n\n<p>Detall\u00f3 que los hechos ocurrieron la madrugada de este martes 3 de enero de 20223, en un domicilio particular de la colonia Justo Sierra, de Mat\u00edas Romero, donde los vecinos reportaron un incendio.<\/p>\n\n\n\n<p>Indic\u00f3 que la Vicefiscal\u00eda Regional del Istmo atrajo el caso bajo el Protocolo Ministerial, Policial y Pericial del Delito de Feminicidio en el Estado de Oaxaca y se estableci\u00f3 que cinco personas resultaron con lesiones por las quemaduras que sufrieron, se trata de un hombre y dos mujeres adultas, as\u00ed como de dos ni\u00f1as, quienes ya reciben atenci\u00f3n m\u00e9dica especializada.<\/p>\n\n\n\n<p>Abund\u00f3 que adem\u00e1s que se brinda atenci\u00f3n integral a las v\u00edctimas para su atenci\u00f3n m\u00e9dica y psicol\u00f3gica.<\/p>\n\n\n\n<p>En tanto que al lugar arribaron elementos de la Agencia Estatal de Investigaciones, as\u00ed como un equipo multidisciplinario para determinar las causas del siniestro y saber si el fuego fue provocado intencionalmente o se trat\u00f3 de un accidente.<\/p>\n\n\n\n<p>Mientras que personal de la Vicefiscal\u00eda General de Atenci\u00f3n a V\u00edctimas y a la Sociedad, brinda acompa\u00f1amiento psicol\u00f3gico, contenci\u00f3n emocional e intervenci\u00f3n en crisis a las v\u00edctimas indirectas (familiares) en diversas diligencias ante el Ministerio P\u00fablico, asimismo se valoran otras necesidades inmediatas derivadas del hecho para proporcionar la atenci\u00f3n correspondiente.<\/p>\n\n\n\n<p>Por su parte, la Fundaci\u00f3n \u201cTe queremos ayudar\u201d identific\u00f3 al tutor de las menores, esposo e hijo, como Pistach\u00f3n Agudo Mora, para quien solicit\u00f3 la ayuda.<\/p>\n\n\n\n<p>\u201cHubo un incendio en su hogar y todos resultaron con quemaduras graves: su madre, su esposa y tambi\u00e9n sus dos peque\u00f1as hijas, quienes en este momento son trasladadas por el hospital de Mat\u00edas Romero hacia el Hospital de la Ni\u00f1ez Oaxaque\u00f1a.<\/p>\n\n\n\n<p>\u201cLa Fundaci\u00f3n \u2018Te queremos ayudar\u2019 mandar\u00e1 su ambulancia para realizar el traslado de la mam\u00e1, quien es la m\u00e1s grave, una vez que sea aceptada la referencia en la Unidad de Quemados de Veracruz.&nbsp;<\/p>\n\n\n\n<p>\u201cAnte estos acontecimientos, se ve la enorme necesidad de contar en Coatzacoalcos, Veracruz, con una unidad de quemados para el sureste mexicano\u201d, indic\u00f3 a trav\u00e9s de la red social Facebook.<\/p>\n","protected":false},"excerpt":{"rendered":"<p>Ismael Garc\u00eda M.\/Zona Roja. Oaxaca de Ju\u00e1rez, Oax., a 3 de enero de 2023.- Sujetos&hellip;<\/p>\n","protected":false},"author":2,"featured_media":50011,"comment_status":"closed","ping_status":"open","sticky":false,"template":"","format":"standard","meta":{"_lmt_disableupdate":"","_lmt_disable":"","_jetpack_memberships_contains_paid_content":false,"footnotes":""},"categories":[109,47],"tags":[228],"class_list":["post-50010","post","type-post","status-publish","format-standard","has-post-thumbnail","hentry","category-minuto-a-minuto","category-zona-gris","tag-matias-romero-avendano"],"jetpack_featured_media_url":"https:\/\/zonaroja.com.mx\/wp-content\/uploads\/2023\/01\/Quemados-incendio-Matias-Romero.jpeg","jetpack_sharing_enabled":true,"_links":{"self":[{"href":"https:\/\/zonaroja.com.mx\/index.php?rest_route=\/wp\/v2\/posts\/50010","targetHints":{"allow":["GET"]}}],"collection":[{"href":"https:\/\/zonaroja.com.mx\/index.php?rest_route=\/wp\/v2\/posts"}],"about":[{"href":"https:\/\/zonaroja.com.mx\/index.php?rest_route=\/wp\/v2\/types\/post"}],"author":[{"embeddable":true,"href":"https:\/\/zonaroja.com.mx\/index.php?rest_route=\/wp\/v2\/users\/2"}],"replies":[{"embeddable":true,"href":"https:\/\/zonaroja.com.mx\/index.php?rest_route=%2Fwp%2Fv2%2Fcomments&post=50010"}],"version-history":[{"count":1,"href":"https:\/\/zonaroja.com.mx\/index.php?rest_route=\/wp\/v2\/posts\/50010\/revisions"}],"predecessor-version":[{"id":50012,"href":"https:\/\/zonaroja.com.mx\/index.php?rest_route=\/wp\/v2\/posts\/50010\/revisions\/50012"}],"wp:featuredmedia":[{"embeddable":true,"href":"https:\/\/zonaroja.com.mx\/index.php?rest_route=\/wp\/v2\/media\/50011"}],"wp:attachment":[{"href":"https:\/\/zonaroja.com.mx\/index.php?rest_route=%2Fwp%2Fv2%2Fmedia&parent=50010"}],"wp:term":[{"taxonomy":"category","embeddable":true,"href":"https:\/\/zonaroja.com.mx\/index.php?rest_route=%2Fwp%2Fv2%2Fcategories&post=50010"},{"taxonomy":"post_tag","embeddable":true,"href":"https:\/\/zonaroja.com.mx\/index.php?rest_route=%2Fwp%2Fv2%2Ftags&post=50010"}],"curies":[{"name":"wp","href":"https:\/\/api.w.org\/{rel}","templated":true}]}}