{"id":50013,"date":"2023-01-03T16:17:38","date_gmt":"2023-01-03T22:17:38","guid":{"rendered":"http:\/\/www.zonaroja.com.mx\/?p=50013"},"modified":"2023-01-03T16:17:43","modified_gmt":"2023-01-03T22:17:43","slug":"minimiza-jara-nepotismo-amiguismo-y-reciclaje-del-pri-en-gabinete-de-la-4t","status":"publish","type":"post","link":"https:\/\/zonaroja.com.mx\/?p=50013","title":{"rendered":"Minimiza Jara nepotismo, amiguismo y reciclaje del PRI en gabinete de la 4T"},"content":{"rendered":"\n<p>Yuridiana Sosa\/Zona Roja.<\/p>\n\n\n\n<p>Oaxaca de Ju\u00e1rez, Oax., 3 de enero de 2022.- El gobernador de Oaxaca, Salom\u00f3n Jara Cruz, defendi\u00f3 las designaciones de su gabinete ampliado basadas en amiguismos, nepotismo y reciclaje de funcionarios de la anterior administraci\u00f3n a la que el propio morenista ha calificado de corrupta.<\/p>\n\n\n\n<p>Son al menos otras seis designaciones cuestionables que ha realizado en diferentes \u00e1reas, donde la inexperiencia o antecedentes de delitos, se\u00f1alamientos de un mal desempe\u00f1o o ser for\u00e1neos fueron pasados por alto, priorizando el pago de favores o que tiene como m\u00e9rito un supuesto amor a Oaxaca y al proyecto de la cuarta transformaci\u00f3n\u201d.<\/p>\n\n\n\n<p>\u201cIndudablemente he invitado a amigos, amigas, compa\u00f1eras, compa\u00f1eros que han estado comprometidos con la 4T, comprometidos con Oaxaca\u201d, apunt\u00f3 el mandatario ante los cuestionamientos de los medios de compunci\u00f3n por contradecir sus discursos de campa\u00f1a, en los que prometi\u00f3 dejar atr\u00e1s el nepotismo, las prebendas, amiguismos, for\u00e1neos ni reciclados.<\/p>\n\n\n\n<p>\u201cHemos invitado tambi\u00e9n a compa\u00f1eros que apoyaron mucho en el proceso electoral, independientemente que hayan sido priistas, panistas, pero que estuvieron apostando a nuestro proyecto y se sumaron, ya lo que pas\u00f3 con ellos en anteriores ocasiones, ellos dar\u00e1n cuenta de sus acciones de ahora en adelante, pero est\u00e1n comprometidos, ellos participaron ayud\u00e1ndonos apoy\u00e1ndonos\u201d, respondi\u00f3 Jara Cruz.<\/p>\n\n\n\n<p>LOS PROTEGIDOS<\/p>\n\n\n\n<p>Sobre casos espec\u00edficos, como el Director General de la Comisi\u00f3n Estatal del Agua (CEA), Raciel Cabrera Garc\u00eda, el gobernador defendi\u00f3 su nombramiento a pesar que fue denunciado por amenazas de muerte contra reporteros de Santo Domingo Tehuantepec por revelar el nepotismo dentro del ayuntamiento.<\/p>\n\n\n\n<p>Cabrera Garc\u00eda fungi\u00f3 como Secretario T\u00e9cnico del gobierno municipal de Santo Domingo Tehuantepec del que es edil su esposa, Vilma Mart\u00ednez Cort\u00e9s.<\/p>\n\n\n\n<p>Jara Cruz minimiz\u00f3 la denuncia del comunicador y refiri\u00f3 que si existe un delito la responsable de fincar responsabilidad es la Fiscal\u00eda General de Justicia, en tanto, puede ocupar el cargo.<\/p>\n\n\n\n<p>\u201c\u00c9l fue fundador de Morena en Morena en el Istmo. No s\u00e9 por qu\u00e9 dicen que ha cometido delitos graves, si ha cometido delitos graves ah\u00ed est\u00e1 la Fiscal\u00eda, si asesin\u00f3, mat\u00f3 a alguien, rob\u00f3 a alguien, ah\u00ed est\u00e1 la fiscal\u00eda\u201d, sostuvo el gobernador, quien record\u00f3 que tambi\u00e9n trabaj\u00f3 con Cabrera Garc\u00eda en el PRD y su \u00fanico delito es que \u2018no tenga car\u00e1cter\u2019\u201d.<\/p>\n\n\n\n<p>Recientemente tambi\u00e9n design\u00f3 labores en la Secretar\u00eda de las Culturas de Oaxaca a la sobrina del vocero del presidente Andr\u00e9s Manuel L\u00f3pez Obrador, Valeria Sumano, originaria de la Ciudad de M\u00e9xico.<\/p>\n\n\n\n<p>Sobre la joven profesionista, Salom\u00f3n Jara dijo que cuenta con capacidades, pues ella trabaj\u00f3 con \u00e9l por seis meses cuando fue senador; despu\u00e9s, trabaj\u00f3 con la senadora Olga S\u00e1nchez Cordero.<\/p>\n\n\n\n<p>\u201cEs un amor la jovencita, es muy sencilla, es injusto catalogarla, diciendo que es una delincuente\u201d, expres\u00f3 el gobernador, a pesar que sobre la nueva funcionaria solo se cuestion\u00f3 su residencia de origen.<\/p>\n\n\n\n<p>OTROS CASOS<\/p>\n\n\n\n<p>A esos casos se suma la designaci\u00f3n de Montserrat Romero L\u00f3pez, hermana del Secretario de Gobierno (Sego), Jes\u00fas Romero L\u00f3pez, en la direcci\u00f3n del Instituto Catastral del Estado de Oaxaca.<\/p>\n\n\n\n<p>Como titular de los Servicios de Agua Potable y Alcantarillado del Estado de Oaxaca (SAPAO), nombr\u00f3 a Omar P\u00e9rez Ben\u00edtez, familiar directo de la diputada Nancy Ben\u00edtez Z\u00e1rate.<\/p>\n\n\n\n<p>Presuntamente la legisladora ser\u00e1 candidateada por el gobernador para ocupar la Fiscal\u00eda General del Estado de Oaxaca (FGEO).<\/p>\n\n\n\n<p>RECICLAJE<\/p>\n\n\n\n<p>A las filas del actual gobierno morenista se integraron ex priistas y ex funcionarios del gobierno de Alejandro Murat Hinojosa.<\/p>\n\n\n\n<p>Como titular de la Unidad de Recursos Materiales y Adquisiciones del Instituto Oaxaque\u00f1o Constructor de Infraestructura F\u00edsica Educativa (IOCIFED) se nombr\u00f3 a Jes\u00fas Mart\u00ednez, de extracci\u00f3n priista y ex edil de San Agust\u00edn Loxicha.<\/p>\n\n\n\n<p>Jes\u00fas Mart\u00ednez fue delegado de Atenci\u00f3n Regional en el Distrito de Ejutla-Sola de Vega en la administraci\u00f3n pasada.<\/p>\n\n\n\n<p>Otro ex funcionario del gobierno de Murat Hinojosa es el actual subdirector de Servicios de Salud de Oaxaca, Jes\u00fas Alejandro Ram\u00edrez Figueroa, quien fue director del Hospital de Especialidades de Salina Cruz y del Hospital Civil \u201cDr. Aurelio Valdivieso\u201d, pero por su labor fue destituido en ambos casos por denuncias de presuntos actos de corrupci\u00f3n y mala administraci\u00f3n.<\/p>\n","protected":false},"excerpt":{"rendered":"<p>Yuridiana Sosa\/Zona Roja. Oaxaca de Ju\u00e1rez, Oax., 3 de enero de 2022.- El gobernador de&hellip;<\/p>\n","protected":false},"author":2,"featured_media":45675,"comment_status":"closed","ping_status":"open","sticky":false,"template":"","format":"standard","meta":{"_lmt_disableupdate":"","_lmt_disable":"","_jetpack_memberships_contains_paid_content":false,"footnotes":""},"categories":[109,47],"tags":[939],"class_list":["post-50013","post","type-post","status-publish","format-standard","has-post-thumbnail","hentry","category-minuto-a-minuto","category-zona-gris","tag-salomon-jara-cruz"],"jetpack_featured_media_url":"https:\/\/zonaroja.com.mx\/wp-content\/uploads\/2022\/09\/Salomon-Jara-Cruz.jpeg","jetpack_sharing_enabled":true,"_links":{"self":[{"href":"https:\/\/zonaroja.com.mx\/index.php?rest_route=\/wp\/v2\/posts\/50013","targetHints":{"allow":["GET"]}}],"collection":[{"href":"https:\/\/zonaroja.com.mx\/index.php?rest_route=\/wp\/v2\/posts"}],"about":[{"href":"https:\/\/zonaroja.com.mx\/index.php?rest_route=\/wp\/v2\/types\/post"}],"author":[{"embeddable":true,"href":"https:\/\/zonaroja.com.mx\/index.php?rest_route=\/wp\/v2\/users\/2"}],"replies":[{"embeddable":true,"href":"https:\/\/zonaroja.com.mx\/index.php?rest_route=%2Fwp%2Fv2%2Fcomments&post=50013"}],"version-history":[{"count":1,"href":"https:\/\/zonaroja.com.mx\/index.php?rest_route=\/wp\/v2\/posts\/50013\/revisions"}],"predecessor-version":[{"id":50014,"href":"https:\/\/zonaroja.com.mx\/index.php?rest_route=\/wp\/v2\/posts\/50013\/revisions\/50014"}],"wp:featuredmedia":[{"embeddable":true,"href":"https:\/\/zonaroja.com.mx\/index.php?rest_route=\/wp\/v2\/media\/45675"}],"wp:attachment":[{"href":"https:\/\/zonaroja.com.mx\/index.php?rest_route=%2Fwp%2Fv2%2Fmedia&parent=50013"}],"wp:term":[{"taxonomy":"category","embeddable":true,"href":"https:\/\/zonaroja.com.mx\/index.php?rest_route=%2Fwp%2Fv2%2Fcategories&post=50013"},{"taxonomy":"post_tag","embeddable":true,"href":"https:\/\/zonaroja.com.mx\/index.php?rest_route=%2Fwp%2Fv2%2Ftags&post=50013"}],"curies":[{"name":"wp","href":"https:\/\/api.w.org\/{rel}","templated":true}]}}