{"id":50017,"date":"2023-01-03T21:26:54","date_gmt":"2023-01-04T03:26:54","guid":{"rendered":"http:\/\/www.zonaroja.com.mx\/?p=50017"},"modified":"2023-01-03T21:27:00","modified_gmt":"2023-01-04T03:27:00","slug":"a-casi-tres-meses-de-la-crisis-de-la-basura-ni-gobierno-ni-ayuntamiento-tienen-solucion","status":"publish","type":"post","link":"https:\/\/zonaroja.com.mx\/?p=50017","title":{"rendered":"A casi tres meses de la crisis de la basura, ni gobierno ni ayuntamiento tienen soluci\u00f3n"},"content":{"rendered":"\n<p>Yuridiana Sosa\/Zona Roja.<\/p>\n\n\n\n<p>Oaxaca de Ju\u00e1rez, Oax., 3 de enero de 2023.- Sin mencionar soluciones concretas a la problem\u00e1tica ambiental por el cierre del basurero en Villa de Zaachila, la secretaria de Medio Ambiente, Biodiversidad, Energ\u00edas y Sostenibilidad, Karime Unda Harp, mencion\u00f3 que la parte t\u00e9cnica est\u00e1 controlada, no as\u00ed lo pol\u00edtico social.<\/p>\n\n\n\n<p>A casi tres meses del cierre \u2014ocurrido el 8 de octubre\u2014, la ciudadan\u00eda de la zona metropolitana y en particular en la capital del estado sufren los estragos de la falta de un relleno sanitario y un servicio regular de recolecci\u00f3n de basura.<\/p>\n\n\n\n<p>La funcionaria dio a conocer este lunes que el actual gobierno estatal cuenta con toda la informaci\u00f3n de la problem\u00e1tica y han creado \u201cun programa\u201d, pero no precis\u00f3 los detalles para dar soluci\u00f3n a la crisis.<\/p>\n\n\n\n<p>\u201cLo que queremos adelantar es que ya tenemos todo el programa armado. El tema dif\u00edcil es lo pol\u00edtico social, la parte t\u00e9cnica ya la tenemos controlada\u201d, manifest\u00f3.<\/p>\n\n\n\n<p>Parte de ese plan y como uno de los principales puntos, dijo, es cambiar las expresiones de relleno sanitario y basura, pues a partir de su estrategia se abrir\u00e1 un Centro Integral de Manejo de Residuos S\u00f3lidos, donde se seleccionar\u00e1 lo valorizable y lo org\u00e1nico, para el cual se tendr\u00e1 un manejo distinto a lo ahora implementado.<\/p>\n\n\n\n<p>Sin embargo, omiti\u00f3 indicar sobre la ubicaci\u00f3n de dicho centro, y se limit\u00f3 en decir que han tenido \u201cmuchas reuniones, visitado muchas agencias y lugares\u201d.<\/p>\n\n\n\n<p>Pero, mientras se consigue conciliar con pobladores y autoridades vecinas para permitir el dep\u00f3sito de basura de la zona metropolitana, en la capital contin\u00faan los tiraderos por montones en diversas vialidades.<\/p>\n\n\n\n<p>La semana comenz\u00f3 con la capital inundada de desechos tras las celebraciones de fin de a\u00f1o, y aunque en las siguientes horas algunos puntos fueron desocupados, el servicio es insuficiente para limpiar las calles de basura.&nbsp;<\/p>\n\n\n\n<p>El presidente municipal de Oaxaca de Ju\u00e1rez, Francisco Mart\u00ednez Neri, se ha limitado a informar que se est\u00e1 recogiendo la basura de las calles; a mediados de diciembre pasado inform\u00f3 que se han gastado 20 millones de pesos para el traslado de los desechos fuera del estado, cifra que llegar\u00eda ya a los 30 millones de pesos.<\/p>\n\n\n\n<p>En tanto, el gobernador Salom\u00f3n Jara Cruz desliz\u00f3 que podr\u00eda ser reabierto el tiradero municipal en la Villa de Zaachila, pues se encuentran avanzadas las pl\u00e1ticas con las autoridades auxiliares y los habitantes de la agencia Vicente Guerrero.<\/p>\n","protected":false},"excerpt":{"rendered":"<p>Yuridiana Sosa\/Zona Roja. Oaxaca de Ju\u00e1rez, Oax., 3 de enero de 2023.- Sin mencionar soluciones&hellip;<\/p>\n","protected":false},"author":2,"featured_media":48107,"comment_status":"closed","ping_status":"open","sticky":false,"template":"","format":"standard","meta":{"_lmt_disableupdate":"","_lmt_disable":"","_jetpack_memberships_contains_paid_content":false,"footnotes":""},"categories":[109,47],"tags":[3211],"class_list":["post-50017","post","type-post","status-publish","format-standard","has-post-thumbnail","hentry","category-minuto-a-minuto","category-zona-gris","tag-tiradero-de-basura-zaachila"],"jetpack_featured_media_url":"https:\/\/zonaroja.com.mx\/wp-content\/uploads\/2022\/11\/Basura-ciudad-de-Oaxaca-1.jpg","jetpack_sharing_enabled":true,"_links":{"self":[{"href":"https:\/\/zonaroja.com.mx\/index.php?rest_route=\/wp\/v2\/posts\/50017","targetHints":{"allow":["GET"]}}],"collection":[{"href":"https:\/\/zonaroja.com.mx\/index.php?rest_route=\/wp\/v2\/posts"}],"about":[{"href":"https:\/\/zonaroja.com.mx\/index.php?rest_route=\/wp\/v2\/types\/post"}],"author":[{"embeddable":true,"href":"https:\/\/zonaroja.com.mx\/index.php?rest_route=\/wp\/v2\/users\/2"}],"replies":[{"embeddable":true,"href":"https:\/\/zonaroja.com.mx\/index.php?rest_route=%2Fwp%2Fv2%2Fcomments&post=50017"}],"version-history":[{"count":1,"href":"https:\/\/zonaroja.com.mx\/index.php?rest_route=\/wp\/v2\/posts\/50017\/revisions"}],"predecessor-version":[{"id":50018,"href":"https:\/\/zonaroja.com.mx\/index.php?rest_route=\/wp\/v2\/posts\/50017\/revisions\/50018"}],"wp:featuredmedia":[{"embeddable":true,"href":"https:\/\/zonaroja.com.mx\/index.php?rest_route=\/wp\/v2\/media\/48107"}],"wp:attachment":[{"href":"https:\/\/zonaroja.com.mx\/index.php?rest_route=%2Fwp%2Fv2%2Fmedia&parent=50017"}],"wp:term":[{"taxonomy":"category","embeddable":true,"href":"https:\/\/zonaroja.com.mx\/index.php?rest_route=%2Fwp%2Fv2%2Fcategories&post=50017"},{"taxonomy":"post_tag","embeddable":true,"href":"https:\/\/zonaroja.com.mx\/index.php?rest_route=%2Fwp%2Fv2%2Ftags&post=50017"}],"curies":[{"name":"wp","href":"https:\/\/api.w.org\/{rel}","templated":true}]}}