{"id":50021,"date":"2023-01-03T22:01:21","date_gmt":"2023-01-04T04:01:21","guid":{"rendered":"http:\/\/www.zonaroja.com.mx\/?p=50021"},"modified":"2023-01-03T22:02:24","modified_gmt":"2023-01-04T04:02:24","slug":"de-intenso-rojo-la-primavera-oaxaquena-ejecutado-en-juchitan","status":"publish","type":"post","link":"https:\/\/zonaroja.com.mx\/?p=50021","title":{"rendered":"De intenso rojo la \u201cprimavera oaxaque\u00f1a\u201d: ejecutado en Juchit\u00e1n"},"content":{"rendered":"\n<p>Redacci\u00f3n\/Zona Roja.<\/p>\n\n\n\n<p>Oaxaca de Ju\u00e1rez, Oax., a 3 de enero de 2023.- Una segunda persona fue asesinada en Oaxaca este martes.<\/p>\n\n\n\n<p>Ahora fue en Juchit\u00e1n de Zaragoza, donde la tarde de hoy hallaron el cuerpo sin vida de un individuo, con disparos de arma de fuego y huellas de tortura.<\/p>\n\n\n\n<p>El hallazgo ocurri\u00f3 a un costado de la carretera que comunica a ese municipio de la regi\u00f3n del Istmo de Tehuantepec con Uni\u00f3n Hidalgo.<\/p>\n\n\n\n<p>Tras las llamadas de auxilio, corporaciones policiacas acudieron al lugar y corroboraron la localizaci\u00f3n del cuerpo de quien horas m\u00e1s tarde fue identificado com C\u00e1ndido Geovany, alias \u201cEl Chuky\u201d, de 33 a\u00f1os de edad.<\/p>\n\n\n\n<p>Hasta el momento se desconoce qui\u00e9n o qui\u00e9nes lo privaron de la vida, as\u00ed como las causas. En el sitio se hall\u00f3 una cartulina con un mensaje amenazante, presuntamente del crimen organizado.<\/p>\n\n\n\n<p>Por otra parte, la Fiscal\u00eda General del Estado de Oaxaca inform\u00f3 que dio inicio a una Carpeta de Investigaci\u00f3n con folio 199\/FDAI\/UEIH\/2023 por el delito de homicidio calificado, luego del hallazgo del cuerpo de una persona del sexo masculino, en inmediaciones de la Central de Abasto de la capital<\/p>\n\n\n\n<p>Indic\u00f3 que hasta el momento la v\u00edctima no ha sido identificada; como se inform\u00f3, el crimen se registr\u00f3 a unos pasos de un m\u00f3dulo de polic\u00eda municipal y a unos metros donde el pasado s\u00e1bado asesinaron a una mujer.<\/p>\n","protected":false},"excerpt":{"rendered":"<p>Redacci\u00f3n\/Zona Roja. Oaxaca de Ju\u00e1rez, Oax., a 3 de enero de 2023.- Una segunda persona&hellip;<\/p>\n","protected":false},"author":2,"featured_media":7486,"comment_status":"closed","ping_status":"open","sticky":false,"template":"","format":"standard","meta":{"_lmt_disableupdate":"","_lmt_disable":"","_jetpack_memberships_contains_paid_content":false,"footnotes":""},"categories":[109,51],"tags":[123],"class_list":["post-50021","post","type-post","status-publish","format-standard","has-post-thumbnail","hentry","category-minuto-a-minuto","category-zona-roja","tag-juchitan-de-zaragoza"],"jetpack_featured_media_url":"https:\/\/zonaroja.com.mx\/wp-content\/uploads\/2020\/01\/Escena-del-crimen7.jpg","jetpack_sharing_enabled":true,"_links":{"self":[{"href":"https:\/\/zonaroja.com.mx\/index.php?rest_route=\/wp\/v2\/posts\/50021","targetHints":{"allow":["GET"]}}],"collection":[{"href":"https:\/\/zonaroja.com.mx\/index.php?rest_route=\/wp\/v2\/posts"}],"about":[{"href":"https:\/\/zonaroja.com.mx\/index.php?rest_route=\/wp\/v2\/types\/post"}],"author":[{"embeddable":true,"href":"https:\/\/zonaroja.com.mx\/index.php?rest_route=\/wp\/v2\/users\/2"}],"replies":[{"embeddable":true,"href":"https:\/\/zonaroja.com.mx\/index.php?rest_route=%2Fwp%2Fv2%2Fcomments&post=50021"}],"version-history":[{"count":2,"href":"https:\/\/zonaroja.com.mx\/index.php?rest_route=\/wp\/v2\/posts\/50021\/revisions"}],"predecessor-version":[{"id":50023,"href":"https:\/\/zonaroja.com.mx\/index.php?rest_route=\/wp\/v2\/posts\/50021\/revisions\/50023"}],"wp:featuredmedia":[{"embeddable":true,"href":"https:\/\/zonaroja.com.mx\/index.php?rest_route=\/wp\/v2\/media\/7486"}],"wp:attachment":[{"href":"https:\/\/zonaroja.com.mx\/index.php?rest_route=%2Fwp%2Fv2%2Fmedia&parent=50021"}],"wp:term":[{"taxonomy":"category","embeddable":true,"href":"https:\/\/zonaroja.com.mx\/index.php?rest_route=%2Fwp%2Fv2%2Fcategories&post=50021"},{"taxonomy":"post_tag","embeddable":true,"href":"https:\/\/zonaroja.com.mx\/index.php?rest_route=%2Fwp%2Fv2%2Ftags&post=50021"}],"curies":[{"name":"wp","href":"https:\/\/api.w.org\/{rel}","templated":true}]}}