{"id":50024,"date":"2023-01-04T09:30:00","date_gmt":"2023-01-04T15:30:00","guid":{"rendered":"http:\/\/www.zonaroja.com.mx\/?p=50024"},"modified":"2023-01-04T06:40:33","modified_gmt":"2023-01-04T12:40:33","slug":"llega-a-oaxaca-cuerpo-de-reconocido-medico-asesinado-en-colima","status":"publish","type":"post","link":"https:\/\/zonaroja.com.mx\/?p=50024","title":{"rendered":"Llega a Oaxaca cuerpo de reconocido m\u00e9dico, asesinado en Colima"},"content":{"rendered":"\n<p>Redacci\u00f3n\/Zona Roja Cdmx.<\/p>\n\n\n\n<p>Ciudad de M\u00e9xico, a 4 de enero de 2023.- Este mi\u00e9rcoles llega a Oaxaca el cuerpo del m\u00e9dico Iv\u00e1n Jacinto Cort\u00e9s, secuestrado y asesinado en el estado de Colima.<\/p>\n\n\n\n<p>El galeno, originario de esta entidad, es un reconocido especialista del Centro Estatal de Cancerolog\u00eda colimense, fue reportado como desaparecido el pasado 27 de diciembre.<\/p>\n\n\n\n<p>Hasta el 1 de enero, la Fiscal\u00eda General del Estado de Colima hall\u00f3 el cuerpo en un camino hacia la comunidad de El Terreno, del municipio de Minatitl\u00e1n.<\/p>\n\n\n\n<p>El m\u00e9dico oaxaque\u00f1o de 42 a\u00f1os de edad fue visto por \u00faltima vez en el Centro Estatal de Cancerolog\u00eda y llevaba su camioneta modelo T-Cross de Volkswagen.<\/p>\n\n\n\n<p>Tras el hallazgo del cuerpo, la Fiscal\u00eda de Colima adelant\u00f3 que se estableci\u00f3 la participaci\u00f3n de dos sujetos en su desaparici\u00f3n y una de las l\u00edneas de investigaci\u00f3n ser\u00eda que su fallecimiento no tiene relaci\u00f3n alguna con&nbsp;actividades de su profesi\u00f3n, sino con circunstancias de su vida personal.<\/p>\n\n\n\n<p>La Secretar\u00eda de Salud de Colima escribi\u00f3 un mensaje sobre la muerte del doctor Iv\u00e1n Jacinto: \u00abLa Secretar\u00eda de Salud Colima, lamenta profundamente el sensible deceso de nuestro compa\u00f1ero y amigo, el Dr. Iv\u00e1n Jacinto Cort\u00e9s. Deseamos que con la uni\u00f3n familiar, tengan la pronta resignaci\u00f3n, alivio y consuelo. Descanse en paz\u00bb.<\/p>\n\n\n\n<p>El doctor originario de Oaxaca era un&nbsp;anatomopat\u00f3logo oncol\u00f3gico&nbsp;reconocido por su gran trayectoria, as\u00ed como un&nbsp;pilar en el diagn\u00f3stico de personas portadoras de tumores otorg\u00e1ndoles certeza para iniciar, continuar o descartar tratamientos oncol\u00f3gicos.&nbsp;<\/p>\n\n\n\n<p>Egres\u00f3 del&nbsp;Instituto Nacional de Cancerolog\u00eda de M\u00e9xico y su trabajo consisti\u00f3 en&nbsp;el estudio microbiol\u00f3gico o celular para el an\u00e1lisis e interpretaci\u00f3n de las enfermedades, espec\u00edficamente en la detenci\u00f3n oportuna de padecimientos como el c\u00e1ncer.<\/p>\n\n\n\n<p>Fue reconocido como uno de los mejores pat\u00f3logos de M\u00e9xico y hace m\u00e1s de 10 a\u00f1os fue invitado por el gobierno de Colima para&nbsp;participar en la creaci\u00f3n del \u00e1rea de patolog\u00eda en el Instituto Estatal de Cancerolog\u00eda, buscaban contar con el experto para identificar las enfermedades en el menor tiempo posible en pacientes afiliados al entonces Seguro M\u00e9dico Popular.&nbsp;<\/p>\n\n\n\n<p>Asimismo, el la Cl\u00ednica C\u00f3rdoba el doctor Iv\u00e1n fue el responsable del departamento de Anatom\u00eda Patol\u00f3gica.<\/p>\n\n\n\n<p>Ayer martes en punto de las 15:00 horas se llev\u00f3 a cabo una misa en el templo del Esp\u00edritu Santo en Colima y posteriormente fue trasladado a su natal Oaxaca. Iv\u00e1n lleg\u00f3 hace m\u00e1s de seis a\u00f1os a Colima para participar en la creaci\u00f3n del \u00e1rea de patolog\u00eda del Instituto Estatal de Cancerolog\u00eda.<\/p>\n\n\n\n<p>(Con informaci\u00f3n de \u201cEl Heraldo de M\u00e9xico\u201d)<\/p>\n","protected":false},"excerpt":{"rendered":"<p>Redacci\u00f3n\/Zona Roja Cdmx. Ciudad de M\u00e9xico, a 4 de enero de 2023.- Este mi\u00e9rcoles llega&hellip;<\/p>\n","protected":false},"author":2,"featured_media":50025,"comment_status":"closed","ping_status":"open","sticky":false,"template":"","format":"standard","meta":{"_lmt_disableupdate":"","_lmt_disable":"","_jetpack_memberships_contains_paid_content":false,"footnotes":""},"categories":[109,47],"tags":[3375],"class_list":["post-50024","post","type-post","status-publish","format-standard","has-post-thumbnail","hentry","category-minuto-a-minuto","category-zona-gris","tag-ivan-jacinto-cortes"],"jetpack_featured_media_url":"https:\/\/zonaroja.com.mx\/wp-content\/uploads\/2023\/01\/Medico-Ivan-Jacinto-Cortes.jpeg","jetpack_sharing_enabled":true,"_links":{"self":[{"href":"https:\/\/zonaroja.com.mx\/index.php?rest_route=\/wp\/v2\/posts\/50024","targetHints":{"allow":["GET"]}}],"collection":[{"href":"https:\/\/zonaroja.com.mx\/index.php?rest_route=\/wp\/v2\/posts"}],"about":[{"href":"https:\/\/zonaroja.com.mx\/index.php?rest_route=\/wp\/v2\/types\/post"}],"author":[{"embeddable":true,"href":"https:\/\/zonaroja.com.mx\/index.php?rest_route=\/wp\/v2\/users\/2"}],"replies":[{"embeddable":true,"href":"https:\/\/zonaroja.com.mx\/index.php?rest_route=%2Fwp%2Fv2%2Fcomments&post=50024"}],"version-history":[{"count":1,"href":"https:\/\/zonaroja.com.mx\/index.php?rest_route=\/wp\/v2\/posts\/50024\/revisions"}],"predecessor-version":[{"id":50026,"href":"https:\/\/zonaroja.com.mx\/index.php?rest_route=\/wp\/v2\/posts\/50024\/revisions\/50026"}],"wp:featuredmedia":[{"embeddable":true,"href":"https:\/\/zonaroja.com.mx\/index.php?rest_route=\/wp\/v2\/media\/50025"}],"wp:attachment":[{"href":"https:\/\/zonaroja.com.mx\/index.php?rest_route=%2Fwp%2Fv2%2Fmedia&parent=50024"}],"wp:term":[{"taxonomy":"category","embeddable":true,"href":"https:\/\/zonaroja.com.mx\/index.php?rest_route=%2Fwp%2Fv2%2Fcategories&post=50024"},{"taxonomy":"post_tag","embeddable":true,"href":"https:\/\/zonaroja.com.mx\/index.php?rest_route=%2Fwp%2Fv2%2Ftags&post=50024"}],"curies":[{"name":"wp","href":"https:\/\/api.w.org\/{rel}","templated":true}]}}