{"id":50032,"date":"2023-01-04T08:30:00","date_gmt":"2023-01-04T14:30:00","guid":{"rendered":"http:\/\/www.zonaroja.com.mx\/?p=50032"},"modified":"2023-01-04T07:19:52","modified_gmt":"2023-01-04T13:19:52","slug":"traen-a-oaxaca-a-41-reos-peligrosos-tras-motin-en-penal-de-chihuahua","status":"publish","type":"post","link":"https:\/\/zonaroja.com.mx\/?p=50032","title":{"rendered":"Traen a Oaxaca a 41 reos peligrosos tras mot\u00edn en penal de Chihuahua"},"content":{"rendered":"\n<p>Redacci\u00f3n\/Zona Roja Cdmx.<\/p>\n\n\n\n<p>Ciudad de M\u00e9xico, a 4 de enero de 2023.- Tras el mot\u00edn y rescate violento de 30 reclusos, el Gobierno de la Rep\u00fablica determin\u00f3 trasladar a 191 internos de alta peligrosidad del Centro de Readaptaci\u00f3n Estatal n\u00famero 3 de Ciudad Juarez, Chihuahua, a cinco estados del pa\u00eds.<\/p>\n\n\n\n<p>En el caso de Oaxaca, al Centro de Readaptaci\u00f3n Social federal n\u00famero 13, ubicado en Mengol\u00ed de Morelos, Miahuatl\u00e1n de Porfirio D\u00edaz, fueron llevados 41 internos.<\/p>\n\n\n\n<p>La Secretar\u00eda de la Defensa Nacional (Sedena) y la Fiscal\u00eda General del Estado (FGE) informaron que los traslados se efectuaron v\u00eda a\u00e9rea, en coordinaci\u00f3n entre el \u00d3rgano Administrativo Desconcentrado de Prevenci\u00f3n y Readaptaci\u00f3n Social, el Ej\u00e9rcito Mexicano y la Guardia Nacional (GN), as\u00ed como autoridades estatales y municipales.<\/p>\n\n\n\n<p>En un comunicado, detall\u00f3 que se emplearon dos aeronaves Boeing 727 pertenecientes a la GN; en la primera viajaron 114 personas privadas de la libertad y en la segunda, 77.<\/p>\n\n\n\n<p>Al Cefereso 1, Altiplano, en Almoloya de Ju\u00e1rez, Estado de M\u00e9xico, fueron llevados 41 reos; al penal 4, Noroeste, de Tepic, Nayarit, 35; al Cefereso 5, Oriente, ubicado en Villa Aldama, Veracruz, llegaron 38; al 13, CPS Oaxaca, en Miahuatl\u00e1n, arribaron 41, y al 15, CPS Chiapas, en Villa Comatitl\u00e1n, 36.<\/p>\n\n\n\n<p>La operaci\u00f3n \u201cconcluy\u00f3 sin novedad y con \u00e9xito; con estos movimientos se apoy\u00f3 al gobierno estatal para garantizar la gobernabilidad de dicho centro, luego de lo sucedido el primero de enero pasado (la fuga de 30 internos del Cereso n\u00famero 3, con saldo de 17 personas fallecidas)\u201d, puntualiz\u00f3 la Sedena.<\/p>\n\n\n\n<p>De acuerdo con la Direcci\u00f3n General de Sistema Penitenciario, Prevenci\u00f3n y Reinserci\u00f3n social de la FGE, los delitos que se imputan a los 191 convictos son: homicidio, secuestro, portaci\u00f3n de arma de fuego, violaci\u00f3n y crimen organizado.<\/p>\n\n\n\n<p>Por otra parte, el gobierno federal inform\u00f3 tambi\u00e9n que un grupo de 300 elementos de las fuerzas especiales de la Secretar\u00eda de la Defensa Nacional (Sedena) arrib\u00f3 la tarde de ayer para reforzar la vigilancia de esta ciudad fronteriza tras la ola delictiva que se vivi\u00f3 los d\u00edas primero y 2 de enero.<\/p>\n\n\n\n<p>Los efectivos especializados en combate a la violencia llegaron en un avi\u00f3n de la Fuerza A\u00e9rea Mexicana para sumarse a la Operaci\u00f3n Ju\u00e1rez 2023, anunci\u00f3 la Sedena en un comunicado.<\/p>\n\n\n\n<p>(Con informaci\u00f3n de \u201cLa Jornada\u201d)<\/p>\n","protected":false},"excerpt":{"rendered":"<p>Redacci\u00f3n\/Zona Roja Cdmx. Ciudad de M\u00e9xico, a 4 de enero de 2023.- Tras el mot\u00edn&hellip;<\/p>\n","protected":false},"author":2,"featured_media":50033,"comment_status":"closed","ping_status":"open","sticky":false,"template":"","format":"standard","meta":{"_lmt_disableupdate":"","_lmt_disable":"","_jetpack_memberships_contains_paid_content":false,"footnotes":""},"categories":[109,47],"tags":[1195],"class_list":["post-50032","post","type-post","status-publish","format-standard","has-post-thumbnail","hentry","category-minuto-a-minuto","category-zona-gris","tag-chihuahua"],"jetpack_featured_media_url":"https:\/\/zonaroja.com.mx\/wp-content\/uploads\/2023\/01\/Traslado-de-reos-Ciudad-Juarez-Chihuahua.jpeg","jetpack_sharing_enabled":true,"_links":{"self":[{"href":"https:\/\/zonaroja.com.mx\/index.php?rest_route=\/wp\/v2\/posts\/50032","targetHints":{"allow":["GET"]}}],"collection":[{"href":"https:\/\/zonaroja.com.mx\/index.php?rest_route=\/wp\/v2\/posts"}],"about":[{"href":"https:\/\/zonaroja.com.mx\/index.php?rest_route=\/wp\/v2\/types\/post"}],"author":[{"embeddable":true,"href":"https:\/\/zonaroja.com.mx\/index.php?rest_route=\/wp\/v2\/users\/2"}],"replies":[{"embeddable":true,"href":"https:\/\/zonaroja.com.mx\/index.php?rest_route=%2Fwp%2Fv2%2Fcomments&post=50032"}],"version-history":[{"count":1,"href":"https:\/\/zonaroja.com.mx\/index.php?rest_route=\/wp\/v2\/posts\/50032\/revisions"}],"predecessor-version":[{"id":50034,"href":"https:\/\/zonaroja.com.mx\/index.php?rest_route=\/wp\/v2\/posts\/50032\/revisions\/50034"}],"wp:featuredmedia":[{"embeddable":true,"href":"https:\/\/zonaroja.com.mx\/index.php?rest_route=\/wp\/v2\/media\/50033"}],"wp:attachment":[{"href":"https:\/\/zonaroja.com.mx\/index.php?rest_route=%2Fwp%2Fv2%2Fmedia&parent=50032"}],"wp:term":[{"taxonomy":"category","embeddable":true,"href":"https:\/\/zonaroja.com.mx\/index.php?rest_route=%2Fwp%2Fv2%2Fcategories&post=50032"},{"taxonomy":"post_tag","embeddable":true,"href":"https:\/\/zonaroja.com.mx\/index.php?rest_route=%2Fwp%2Fv2%2Ftags&post=50032"}],"curies":[{"name":"wp","href":"https:\/\/api.w.org\/{rel}","templated":true}]}}