{"id":50035,"date":"2023-01-04T11:33:00","date_gmt":"2023-01-04T17:33:00","guid":{"rendered":"http:\/\/www.zonaroja.com.mx\/?p=50035"},"modified":"2023-01-04T07:34:20","modified_gmt":"2023-01-04T13:34:20","slug":"tendra-mexico-en-2023-elecciones-de-gobernador-en-dos-estados","status":"publish","type":"post","link":"https:\/\/zonaroja.com.mx\/?p=50035","title":{"rendered":"Tendr\u00e1 M\u00e9xico en 2023 elecciones de gobernador en dos estados"},"content":{"rendered":"\n<p>Redacci\u00f3n\/Zona Roja Cdmx.<\/p>\n\n\n\n<p>Ciudad de M\u00e9xico, a 4 de enero de 2023.- Como en 2022, para este 2023 se avecinan las elecciones en dos estados de la Rep\u00fablica, donde se elegir\u00e1 al pr\u00f3ximo gobernador del Estado de M\u00e9xico y Coahuila, as\u00ed como 27 diputaciones en este \u00faltimo estado, las cuales podr\u00edan definir el rumbo de los comicios para la presidencia en 2024.<\/p>\n\n\n\n<p>Del mismo modo, El Instituto Nacional Electoral (INE) se prepara para jornada extraordinaria para la elecci\u00f3n de una senadur\u00eda en el estado de Tamaulipas.<\/p>\n\n\n\n<p>De acuerdo con el INE, estas son las fechas clave para las elecciones 2023 en el Estado de M\u00e9xico y Coahuila:<\/p>\n\n\n\n<p>EDOMEX:<\/p>\n\n\n\n<p>Inicio del proceso: a partir del 1 y hasta el 7 de enero de 2023.<\/p>\n\n\n\n<p>Instalaci\u00f3n de las Juntas y los Consejos Distritales de Organismos P\u00fablicos Locales (OPL): entre el 8 y el 14 de enero de 2023<\/p>\n\n\n\n<p>Obtenci\u00f3n de apoyo de los ciudadanos a candidaturas independientes para la gubernatura y diputaciones: 15 de diciembre de 2022 al 12 de febrero de 2023.<\/p>\n\n\n\n<p>Precampa\u00f1a: 14 de enero al 12 de febrero de 2023.<\/p>\n\n\n\n<p>Resoluci\u00f3n para el registro de candidaturas: 2 de abril de 2023.<\/p>\n\n\n\n<p>Campa\u00f1a electoral: 3 de abril al 31 de mayo de 2023.<\/p>\n\n\n\n<p>COAHUILA:<\/p>\n\n\n\n<p>Inicio del proceso: 1 de enero de 2023.<\/p>\n\n\n\n<p>Instalaci\u00f3n de Comit\u00e9s Municipales y Distritales del OPL: Hasta el 16 de enero de 2023.<\/p>\n\n\n\n<p>Obtenci\u00f3n de apoyo de la ciudadan\u00eda a candidaturas independientes para gubernatura y diputaciones: 10 de enero al 12 de febrero de 2023.<\/p>\n\n\n\n<p>Precampa\u00f1a: 14 de enero al 12 de febrero de 2023.<\/p>\n\n\n\n<p>Resoluci\u00f3n para el registro de candidaturas: Del 28 de marzo al 1 de abril de 2023.<\/p>\n\n\n\n<p>Campa\u00f1a para gubernatura y diputaciones: 2 de abril al 31 de mayo de 2023.<\/p>\n\n\n\n<p>LA ENCUESTA<\/p>\n\n\n\n<p>De acuerdo con una encuesta realizada por \u201cEl Financiero\u201d, el pasado 15 de noviembre, se\u00f1al\u00f3 que Delfina G\u00f3mez, candidata al Estado de M\u00e9xico por Morena, cuenta con una opini\u00f3n favorable de 39 por ciento, le siguen Alejandra Del Moral del PRI y Enrique Vargas, del PAN, con 30 y 29 por ciento, respectivamente, mientras que Juan Zepeda capta 22 por ciento.<\/p>\n\n\n\n<p>(Informaci\u00f3n de \u201cEl Financiero\u201d)<\/p>\n","protected":false},"excerpt":{"rendered":"<p>Redacci\u00f3n\/Zona Roja Cdmx. Ciudad de M\u00e9xico, a 4 de enero de 2023.- Como en 2022,&hellip;<\/p>\n","protected":false},"author":2,"featured_media":25540,"comment_status":"closed","ping_status":"open","sticky":false,"template":"","format":"standard","meta":{"_lmt_disableupdate":"","_lmt_disable":"","_jetpack_memberships_contains_paid_content":false,"footnotes":""},"categories":[109,46],"tags":[],"class_list":["post-50035","post","type-post","status-publish","format-standard","has-post-thumbnail","hentry","category-minuto-a-minuto","category-zona-blanca"],"jetpack_featured_media_url":"https:\/\/zonaroja.com.mx\/wp-content\/uploads\/2021\/04\/Elecciones-Mexico.jpeg","jetpack_sharing_enabled":true,"_links":{"self":[{"href":"https:\/\/zonaroja.com.mx\/index.php?rest_route=\/wp\/v2\/posts\/50035","targetHints":{"allow":["GET"]}}],"collection":[{"href":"https:\/\/zonaroja.com.mx\/index.php?rest_route=\/wp\/v2\/posts"}],"about":[{"href":"https:\/\/zonaroja.com.mx\/index.php?rest_route=\/wp\/v2\/types\/post"}],"author":[{"embeddable":true,"href":"https:\/\/zonaroja.com.mx\/index.php?rest_route=\/wp\/v2\/users\/2"}],"replies":[{"embeddable":true,"href":"https:\/\/zonaroja.com.mx\/index.php?rest_route=%2Fwp%2Fv2%2Fcomments&post=50035"}],"version-history":[{"count":1,"href":"https:\/\/zonaroja.com.mx\/index.php?rest_route=\/wp\/v2\/posts\/50035\/revisions"}],"predecessor-version":[{"id":50036,"href":"https:\/\/zonaroja.com.mx\/index.php?rest_route=\/wp\/v2\/posts\/50035\/revisions\/50036"}],"wp:featuredmedia":[{"embeddable":true,"href":"https:\/\/zonaroja.com.mx\/index.php?rest_route=\/wp\/v2\/media\/25540"}],"wp:attachment":[{"href":"https:\/\/zonaroja.com.mx\/index.php?rest_route=%2Fwp%2Fv2%2Fmedia&parent=50035"}],"wp:term":[{"taxonomy":"category","embeddable":true,"href":"https:\/\/zonaroja.com.mx\/index.php?rest_route=%2Fwp%2Fv2%2Fcategories&post=50035"},{"taxonomy":"post_tag","embeddable":true,"href":"https:\/\/zonaroja.com.mx\/index.php?rest_route=%2Fwp%2Fv2%2Ftags&post=50035"}],"curies":[{"name":"wp","href":"https:\/\/api.w.org\/{rel}","templated":true}]}}