{"id":50037,"date":"2023-01-04T08:02:41","date_gmt":"2023-01-04T14:02:41","guid":{"rendered":"http:\/\/www.zonaroja.com.mx\/?p=50037"},"modified":"2023-01-04T08:02:43","modified_gmt":"2023-01-04T14:02:43","slug":"el-padre-habria-intentado-calcinar-a-su-madre-esposa-y-dos-hijas","status":"publish","type":"post","link":"https:\/\/zonaroja.com.mx\/?p=50037","title":{"rendered":"El padre habr\u00eda intentado calcinar a su madre, esposa y dos hijas"},"content":{"rendered":"\n<p>Ismael Garc\u00eda M.\/Zona Roja.<\/p>\n\n\n\n<p>Oaxaca de Ju\u00e1rez, Oax., a 4 de enero de 2023.- El padre de familia, identificado como Leonel \u201cN\u201d, de 29 a\u00f1os de edad, habr\u00eda prendido fuego a su casa en el municipio de Mat\u00edas Romero, con la intenci\u00f3n de calcinar a su familia.<\/p>\n\n\n\n<p>El individuo ya fue detenido y fue adem\u00e1s v\u00edctima de quemaduras, mientras que su madre Mary E. M. H., de 57 a\u00f1os de edad, y su esposa Carmela S. S., de 38 a\u00f1os tambi\u00e9n resultaron lesionadas por los hechos registrados ayer en la madrugada.<\/p>\n\n\n\n<p>Mientras que las hijas del matrimonio, K. S. A., de siete a\u00f1os de edad, y N. S. A.,&nbsp; de tres a\u00f1os, se encuentran graves, con quemaduras pr\u00e1cticamente en la totalidad del cuerpo, por lo cual ayer fueron trasladadas v\u00eda a\u00e9rea del hospital del IMSS de Mat\u00edas Romero hacia el Hospital de la Ni\u00f1ez Oaxaque\u00f1a, en la regi\u00f3n Valles Centrales del estado.<\/p>\n\n\n\n<p>Ayer la Fiscal\u00eda General del Estado de Oaxaca confirm\u00f3 que dio inicio a la Carpeta de Investigaci\u00f3n 200\/FIST\/FMUJ-TEHUANTEPEC\/2023 por el delito de tentativa de feminicidio, adem\u00e1s que se brinda atenci\u00f3n integral a las v\u00edctimas para su atenci\u00f3n m\u00e9dica y psicol\u00f3gica.<\/p>\n\n\n\n<p>Detall\u00f3 que los hechos ocurrieron la madrugada de este martes 3 de enero de 2023, en un domicilio particular de la colonia Justo Sierra, en Mat\u00edas Romero, donde los vecinos reportaron un incendio.<\/p>\n\n\n\n<p>La Vicefiscal\u00eda Regional del Istmo atrajo el caso bajo el Protocolo Ministerial, Policial y Pericial del Delito de Feminicidio en el Estado de Oaxaca y se estableci\u00f3 que cinco personas resultaron con lesiones por las quemaduras que sufrieron, un hombre y dos mujeres adultas, as\u00ed como de dos ni\u00f1as.<\/p>\n","protected":false},"excerpt":{"rendered":"<p>Ismael Garc\u00eda M.\/Zona Roja. Oaxaca de Ju\u00e1rez, Oax., a 4 de enero de 2023.- El&hellip;<\/p>\n","protected":false},"author":2,"featured_media":50028,"comment_status":"closed","ping_status":"open","sticky":false,"template":"","format":"standard","meta":{"_lmt_disableupdate":"","_lmt_disable":"","_jetpack_memberships_contains_paid_content":false,"footnotes":""},"categories":[109,47],"tags":[228],"class_list":["post-50037","post","type-post","status-publish","format-standard","has-post-thumbnail","hentry","category-minuto-a-minuto","category-zona-gris","tag-matias-romero-avendano"],"jetpack_featured_media_url":"https:\/\/zonaroja.com.mx\/wp-content\/uploads\/2023\/01\/Ninas-quemadas-Matias-RomeroJPG.jpg","jetpack_sharing_enabled":true,"_links":{"self":[{"href":"https:\/\/zonaroja.com.mx\/index.php?rest_route=\/wp\/v2\/posts\/50037","targetHints":{"allow":["GET"]}}],"collection":[{"href":"https:\/\/zonaroja.com.mx\/index.php?rest_route=\/wp\/v2\/posts"}],"about":[{"href":"https:\/\/zonaroja.com.mx\/index.php?rest_route=\/wp\/v2\/types\/post"}],"author":[{"embeddable":true,"href":"https:\/\/zonaroja.com.mx\/index.php?rest_route=\/wp\/v2\/users\/2"}],"replies":[{"embeddable":true,"href":"https:\/\/zonaroja.com.mx\/index.php?rest_route=%2Fwp%2Fv2%2Fcomments&post=50037"}],"version-history":[{"count":1,"href":"https:\/\/zonaroja.com.mx\/index.php?rest_route=\/wp\/v2\/posts\/50037\/revisions"}],"predecessor-version":[{"id":50038,"href":"https:\/\/zonaroja.com.mx\/index.php?rest_route=\/wp\/v2\/posts\/50037\/revisions\/50038"}],"wp:featuredmedia":[{"embeddable":true,"href":"https:\/\/zonaroja.com.mx\/index.php?rest_route=\/wp\/v2\/media\/50028"}],"wp:attachment":[{"href":"https:\/\/zonaroja.com.mx\/index.php?rest_route=%2Fwp%2Fv2%2Fmedia&parent=50037"}],"wp:term":[{"taxonomy":"category","embeddable":true,"href":"https:\/\/zonaroja.com.mx\/index.php?rest_route=%2Fwp%2Fv2%2Fcategories&post=50037"},{"taxonomy":"post_tag","embeddable":true,"href":"https:\/\/zonaroja.com.mx\/index.php?rest_route=%2Fwp%2Fv2%2Ftags&post=50037"}],"curies":[{"name":"wp","href":"https:\/\/api.w.org\/{rel}","templated":true}]}}