{"id":50039,"date":"2023-01-04T14:03:00","date_gmt":"2023-01-04T20:03:00","guid":{"rendered":"http:\/\/www.zonaroja.com.mx\/?p=50039"},"modified":"2023-01-04T08:08:06","modified_gmt":"2023-01-04T14:08:06","slug":"opinion-una-conspiracion-de-mediocres","status":"publish","type":"post","link":"https:\/\/zonaroja.com.mx\/?p=50039","title":{"rendered":"Opini\u00f3n. Una conspiraci\u00f3n de mediocres"},"content":{"rendered":"\n<p>Gibr\u00e1n Ram\u00edrez Reyes*<\/p>\n\n\n\n<p>Los hechos. Una ministra de la Suprema Corte de Justicia de la Naci\u00f3n, el m\u00e1ximo tribunal del sistema jur\u00eddico mexicano, extrajo su tesis de licenciatura en derecho entera de la del licenciado \u00c9dgar Ulises B\u00e1ez, presentada en 1986.&nbsp;<\/p>\n\n\n\n<p>Lo demostr\u00f3 plenamente Guillermo Sheridan: la tesis, con variaciones menores, es la misma que la presentada un a\u00f1o antes: igual en el t\u00edtulo, en el \u00edndice, en el cuerpo del texto. No hay lugar a dudas para quien quiera ver.<\/p>\n\n\n\n<p>Implicaciones. La primera, inmediata, es que Esquivel perder\u00e1 su ileg\u00edtimo t\u00edtulo de licenciada en derecho, pues incumpli\u00f3 los requisitos vigentes para obtener el t\u00edtulo en 1987 \u2014el cual, en consecuencia, usurpa desde entonces.&nbsp;<\/p>\n\n\n\n<p>La segunda es que tendr\u00e1 que dejar su asiento como ministra de la Suprema Corte, pues es requisito constitucional ser licenciado en derecho, y ella no lo ha sido, sino que ha usurpado ese reconocimiento.&nbsp;<\/p>\n\n\n\n<p>La tercera, que no suceder\u00e1 en un juzgado porque la impunidad es la norma entre las \u00e9lites del pa\u00eds, es que se debatir\u00e1n los alcances del delito de usurpaci\u00f3n de profesi\u00f3n que Yasm\u00edn Esquivel realiza continuadamente desde 1987 y hasta el d\u00eda de hoy.<\/p>\n\n\n\n<p>La defensa corporativa y est\u00fapida que el oficialismo ha realizado de la ministra presentando el plagio como pecadillo inocente de juventud \u2013o peor, como producto de las opresiones del sistema universitario\u2014 no habla solamente de su catadura moral, sino de un rasgo de la composici\u00f3n de la actual \u00e9lite pol\u00edtica.&nbsp;<\/p>\n\n\n\n<p>La cr\u00edtica a las \u00e9lites de la transici\u00f3n que enderezamos desde la izquierda no tom\u00f3 en este gobierno el camino de reconstituir el sistema de reconocimiento para que valiera m\u00e1s el m\u00e9rito que el apellido, sino que deriv\u00f3 en un cambio de los apellidos que valen y en el enaltecimiento de la mediocridad.&nbsp;<\/p>\n\n\n\n<p>Puede tratarse de millonarios como Yasm\u00edn Esquivel o Alejandro Gertz, o de egresados de la Facultad de Ciencias Pol\u00edticas menos millonarios, como Jes\u00fas Ram\u00edrez o Fabrizio Mej\u00eda, en nombre del pueblo ejerce poder una conspiraci\u00f3n de mediocres, incapaces de redactar sus propios textos y que se dan palmaditas en la espalda mientras se refocilan en el presupuesto y los halagos comprados.<\/p>\n\n\n\n<p>El talento vale, mientras sea obediente, silencioso, servil \u2013igual que antes. En la conferencia matutina, L\u00f3pez Obrador ha reivindicado al menos a cinco personas que firmaron textos que no son suyos. Ninguno de los que ten\u00eda cargo renunci\u00f3, porque no es su fuerte el honor.<\/p>\n\n\n\n<p>Implicaciones para la UNAM, que se juega en este asunto su prestigio internacional. No se trata solamente de la tesis de Esquivel, sino de un entramado de corrupci\u00f3n en una importante Facultad.&nbsp;<\/p>\n\n\n\n<p>Como mostraron antes Henio Hoyo y Peniley Ram\u00edrez, Martha Rodr\u00edguez, la directora de la tesis, ha dirigido en total 513 tesis, habiendo plagios en varias de ellas ya hallados por los internautas.&nbsp;<\/p>\n\n\n\n<p>Hay varias preguntas por hacerse dentro de la UNAM: \u00bfrepitieron tambi\u00e9n sinodales en los ex\u00e1menes donde se presentaron esas tesis?, \u00bfalguna o alguno de ellos ocup\u00f3 responsabilidades administrativas en la FES?, \u00bfera un negocio? La UNAM no puede validar un supuesto testimonio notariado de un plagio vuelto del futuro, que es s\u00f3lo otro acto de corrupci\u00f3n y mentira.<\/p>\n\n\n\n<p>*Doctor en Ciencia Pol\u00edtica por la UNAM.<\/p>\n\n\n\n<p>@gibranrr<\/p>\n","protected":false},"excerpt":{"rendered":"<p>Gibr\u00e1n Ram\u00edrez Reyes* Los hechos. Una ministra de la Suprema Corte de Justicia de la&hellip;<\/p>\n","protected":false},"author":2,"featured_media":41734,"comment_status":"closed","ping_status":"open","sticky":false,"template":"","format":"standard","meta":{"_lmt_disableupdate":"","_lmt_disable":"","_jetpack_memberships_contains_paid_content":false,"footnotes":""},"categories":[456,109],"tags":[2489],"class_list":["post-50039","post","type-post","status-publish","format-standard","has-post-thumbnail","hentry","category-columna","category-minuto-a-minuto","tag-gibran-ramirez-reyes"],"jetpack_featured_media_url":"https:\/\/zonaroja.com.mx\/wp-content\/uploads\/2022\/05\/Opinion-Gibran-Ramirez-Reyes.jpg","jetpack_sharing_enabled":true,"_links":{"self":[{"href":"https:\/\/zonaroja.com.mx\/index.php?rest_route=\/wp\/v2\/posts\/50039","targetHints":{"allow":["GET"]}}],"collection":[{"href":"https:\/\/zonaroja.com.mx\/index.php?rest_route=\/wp\/v2\/posts"}],"about":[{"href":"https:\/\/zonaroja.com.mx\/index.php?rest_route=\/wp\/v2\/types\/post"}],"author":[{"embeddable":true,"href":"https:\/\/zonaroja.com.mx\/index.php?rest_route=\/wp\/v2\/users\/2"}],"replies":[{"embeddable":true,"href":"https:\/\/zonaroja.com.mx\/index.php?rest_route=%2Fwp%2Fv2%2Fcomments&post=50039"}],"version-history":[{"count":1,"href":"https:\/\/zonaroja.com.mx\/index.php?rest_route=\/wp\/v2\/posts\/50039\/revisions"}],"predecessor-version":[{"id":50040,"href":"https:\/\/zonaroja.com.mx\/index.php?rest_route=\/wp\/v2\/posts\/50039\/revisions\/50040"}],"wp:featuredmedia":[{"embeddable":true,"href":"https:\/\/zonaroja.com.mx\/index.php?rest_route=\/wp\/v2\/media\/41734"}],"wp:attachment":[{"href":"https:\/\/zonaroja.com.mx\/index.php?rest_route=%2Fwp%2Fv2%2Fmedia&parent=50039"}],"wp:term":[{"taxonomy":"category","embeddable":true,"href":"https:\/\/zonaroja.com.mx\/index.php?rest_route=%2Fwp%2Fv2%2Fcategories&post=50039"},{"taxonomy":"post_tag","embeddable":true,"href":"https:\/\/zonaroja.com.mx\/index.php?rest_route=%2Fwp%2Fv2%2Ftags&post=50039"}],"curies":[{"name":"wp","href":"https:\/\/api.w.org\/{rel}","templated":true}]}}