{"id":5004,"date":"2019-10-21T10:15:54","date_gmt":"2019-10-21T15:15:54","guid":{"rendered":"http:\/\/www.zonaroja.com.mx\/?p=5004"},"modified":"2019-10-21T10:15:57","modified_gmt":"2019-10-21T15:15:57","slug":"sangra-la-cuenca-suman-seis-ejecutados-en-fin-de-semana","status":"publish","type":"post","link":"https:\/\/zonaroja.com.mx\/?p=5004","title":{"rendered":"Sangra la Cuenca: suman seis ejecutados en fin de semana"},"content":{"rendered":"\n<p>Redacci\u00f3n\/Zona Roja.<\/p>\n\n\n\n<p>Oaxaca de Ju\u00e1rez, Oax., 21 de octubre\nde 2019.- Los esquemas de seguridad en la Cuenca del Papaloapan son un fracaso\ny ni con la Guardia Nacional se han podido frenar la ola delictiva.<\/p>\n\n\n\n<p>Este fin de semana al menos seis asesinatos\nse registraron en dicha regi\u00f3n de Oaxaca, colindante con el estado de Veracruz.<\/p>\n\n\n\n<p>De acuerdo con reportes de la\nVicefiscal\u00eda Regional de la Cuenca, dos personas originarias de la comunidad de\nLa Reforma, del municipio de San Juan Bautista Tuxtepec, fueron localizados ayer\nsin vida a la orilla de la carretera que comunica a Tierra Blanca, Veracruz, en\nlos l\u00edmites con ambas entidades.<\/p>\n\n\n\n<p>Las v\u00edctimas fueron identificadas como\nlos hermanos Rogelio B\u00e1rcenas Contreras, de 25 a\u00f1os de edad, y Andr\u00e9s B\u00e0rcenas\nContreras, de 32 a\u00f1os, ambos campesinos y vecinos de la comunidad de La Reforma.<\/p>\n\n\n\n<p>Mientras tanto, en un hotel de Loma\nBonita, fue hallada una persona con heridas de bala, cuyas causas de la agresi\u00f3n\na\u00fan se desconocen; de manera preliminar se inform\u00f3 que el individuo perdi\u00f3 la\nvida en el hospital al que fue llevado.<\/p>\n\n\n\n<p>IDENTIFICAN A EJECUTADOS<\/p>\n\n\n\n<p>Por otra parte, ayer fueron\nidentificadas las v\u00edctimas de la triple ejecuci\u00f3n ocurrida en el exterior del\nbar \u201cEl Imperio\u201d de San Juan Bautista Tuxtepec, ubicado en el bulevar Manuel\n\u00c1vila Camacho.<\/p>\n\n\n\n<p>Los hechos ocurrieron aproximadamente a\nlas 05:30 por parte de un comando armado quienes dieron muerte a un taxista de\nnombre R\u00e9gules, a una mujer conocida como Susana Z., y a Carlos Iradier I. M.<\/p>\n\n\n\n<p>Hasta el momento la Vicefiscal\u00eda\nGeneral del Estado no tiene datos precisos de los agresores ni hay personas\ndetenidas.<\/p>\n","protected":false},"excerpt":{"rendered":"<p>Redacci\u00f3n\/Zona Roja. Oaxaca de Ju\u00e1rez, Oax., 21 de octubre de 2019.- Los esquemas de seguridad&hellip;<\/p>\n","protected":false},"author":2,"featured_media":2940,"comment_status":"closed","ping_status":"open","sticky":false,"template":"","format":"standard","meta":{"_lmt_disableupdate":"","_lmt_disable":"","_jetpack_memberships_contains_paid_content":false,"footnotes":""},"categories":[109,51],"tags":[98,118],"class_list":["post-5004","post","type-post","status-publish","format-standard","has-post-thumbnail","hentry","category-minuto-a-minuto","category-zona-roja","tag-cuenca-del-papaloapan","tag-san-juan-bautista-tuxtepec"],"jetpack_featured_media_url":"https:\/\/zonaroja.com.mx\/wp-content\/uploads\/2019\/08\/Asesinatos.jpg","jetpack_sharing_enabled":true,"_links":{"self":[{"href":"https:\/\/zonaroja.com.mx\/index.php?rest_route=\/wp\/v2\/posts\/5004","targetHints":{"allow":["GET"]}}],"collection":[{"href":"https:\/\/zonaroja.com.mx\/index.php?rest_route=\/wp\/v2\/posts"}],"about":[{"href":"https:\/\/zonaroja.com.mx\/index.php?rest_route=\/wp\/v2\/types\/post"}],"author":[{"embeddable":true,"href":"https:\/\/zonaroja.com.mx\/index.php?rest_route=\/wp\/v2\/users\/2"}],"replies":[{"embeddable":true,"href":"https:\/\/zonaroja.com.mx\/index.php?rest_route=%2Fwp%2Fv2%2Fcomments&post=5004"}],"version-history":[{"count":1,"href":"https:\/\/zonaroja.com.mx\/index.php?rest_route=\/wp\/v2\/posts\/5004\/revisions"}],"predecessor-version":[{"id":5005,"href":"https:\/\/zonaroja.com.mx\/index.php?rest_route=\/wp\/v2\/posts\/5004\/revisions\/5005"}],"wp:featuredmedia":[{"embeddable":true,"href":"https:\/\/zonaroja.com.mx\/index.php?rest_route=\/wp\/v2\/media\/2940"}],"wp:attachment":[{"href":"https:\/\/zonaroja.com.mx\/index.php?rest_route=%2Fwp%2Fv2%2Fmedia&parent=5004"}],"wp:term":[{"taxonomy":"category","embeddable":true,"href":"https:\/\/zonaroja.com.mx\/index.php?rest_route=%2Fwp%2Fv2%2Fcategories&post=5004"},{"taxonomy":"post_tag","embeddable":true,"href":"https:\/\/zonaroja.com.mx\/index.php?rest_route=%2Fwp%2Fv2%2Ftags&post=5004"}],"curies":[{"name":"wp","href":"https:\/\/api.w.org\/{rel}","templated":true}]}}