{"id":50053,"date":"2023-01-04T18:45:52","date_gmt":"2023-01-05T00:45:52","guid":{"rendered":"http:\/\/www.zonaroja.com.mx\/?p=50053"},"modified":"2023-01-04T18:45:54","modified_gmt":"2023-01-05T00:45:54","slug":"denuncian-obstruccion-de-justicia-por-parte-de-edil-de-salina-cruz-en-caso-abigail","status":"publish","type":"post","link":"https:\/\/zonaroja.com.mx\/?p=50053","title":{"rendered":"Denuncian obstrucci\u00f3n de justicia por parte de edil de Salina Cruz en caso Abigail"},"content":{"rendered":"\n<p>Yuridiana Sosa\/Zona Roja.<\/p>\n\n\n\n<p>Oaxaca de Ju\u00e1rez, Oax., 4 de enero de 2023.- A m\u00e1s de cuatro meses del presunto feminicidio de Abigail H. U., la familia de la joven denunci\u00f3 nulos avances en las investigaciones alrededor del caso y una evidente intromisi\u00f3n del edil de Salina Cruz, Daniel M\u00e9ndez Sosa, de Morena, para obstruir la justicia.<\/p>\n\n\n\n<p>En conferencia de prensa en la capital del estado, respaldado por la asociaci\u00f3n Consorcio Oaxaca, el padre de la v\u00edctima, el se\u00f1or Jos\u00e9 Luis Hay, se\u00f1al\u00f3 que el presidente municipal ha hecho todo lo posible para proteger al ex juez c\u00edvico Joel Alberto Luis Vel\u00e1squez, quien fue detenido en agosto<\/p>\n\n\n\n<p>por su presunta responsabilidad en la muerte de Abigail, pero fue puesto en libertad en diciembre.<\/p>\n\n\n\n<p>De acuerdo con el padre de Hay Urrutia, sustentado en dichos de la poblaci\u00f3n del municipio porte\u00f1o, M\u00e9ndez Sosa sostiene una relaci\u00f3n sentimental con Luis Vel\u00e1squez, por lo que supuestamente intervino ante el gobierno de Salom\u00f3n Jara para que pudiera continuar su proceso en libertad.<\/p>\n\n\n\n<p>Don Jos\u00e9 Luis detall\u00f3 que la audiencia en la que se fij\u00f3 la libertad del ex juez municipal estaba prevista en noviembre, pero se pospuso para diciembre, dando oportunidad a que el edil interviniera ante el gobierno morenista a favor de dos de los cuatro implicados.<\/p>\n\n\n\n<p>El delito de Abigail no se tipific\u00f3 como feminicidio, sino como homicidio de acci\u00f3n por omisi\u00f3n, al no vigilar a la joven durante su estancia en los separos municipales.<\/p>\n\n\n\n<p>A esa impunidad se suma que la ex pareja de su hija, Kleiver Nazario Espinoza Hern\u00e1ndez, sigue sin ser localizado y quien para la familia es el autor intelectual de la detenci\u00f3n de Abigail para sustraer a su menor hijo al perder su guardia y custodia por antecedentes de violencia familiar.<\/p>\n\n\n\n<p>En este caso existen denuncias por desaparici\u00f3n y una alerta amber localizar al menor, pero desde el 19 de agosto de los hechos se desconoce el paradero del hombre y su hijo.<\/p>\n\n\n\n<p>TEMEN POR SU VIDA<\/p>\n\n\n\n<p>Estas acciones generan temor en la familia de Abigail, tanto por la falta de justicia como por la integridad de sus integrantes.<\/p>\n\n\n\n<p>Durante la conferencia, Jos\u00e9 Luis Hay expres\u00f3: \u201cEl juez aplica su criterio, pero no siente lo que yo estoy sintiendo en mi coraz\u00f3n, el dolor que estoy teniendo, el miedo de que me pase algo, de que no haya solo una persona muerta, que haya dos, mi hija y yo\u201d.<\/p>\n\n\n\n<p>\u201cPor eso hoy vengo a pedirle a las autoridades que haya justicia\u201d, manifest\u00f3 el padre, quien tambi\u00e9n hizo un llamado al presidente de la rep\u00fablica, Andr\u00e9s Manuel L\u00f3pez Obrador.<\/p>\n\n\n\n<p>\u201cHago un llamado para que el presidente me siga escuchando, para que este caso no quede impune, es un crimen, tengo mucho dolor en mi alga, mucho dolor en mi coraz\u00f3n. No puede quedar as\u00ed, que se oiga bien, que lo oigan todos, que se oiga lejos, que se cumpla la justicia por Flor Abigail\u201d.<\/p>\n\n\n\n<p>Hasta el momento la familia de Abigail no ha tenido un encuentro con el gobernador Salom\u00f3n Jara Cruz.\u00a0<\/p>\n\n\n\n<figure class=\"wp-block-embed is-type-rich is-provider-twitter wp-block-embed-twitter\"><div class=\"wp-block-embed__wrapper\">\n<div class=\"twitter-tweet\"><blockquote class=\"twitter-tweet\" data-lang=\"es\"><p lang=\"es\" dir=\"ltr\">Durante la conferencia en la capital, Jos\u00e9 Luis Hay, padre de Abigail, acus\u00f3 que el edil de Salina Cruz, <a href=\"https:\/\/twitter.com\/DanielMendezsco?ref_src=twsrc%5Etfw\">@DanielMendezsco<\/a>, protege a polic\u00edas y al juez, porque este \u00faltimo es su pareja sentimental. <br>Lament\u00f3 que a cinco meses de la muerte de su hija, no haya justicia. <a href=\"https:\/\/t.co\/2rlZsoztkF\">pic.twitter.com\/2rlZsoztkF<\/a><\/p>&mdash; Zona Roja Oaxaca (@ZonaRoja_Oaxaca) <a href=\"https:\/\/twitter.com\/ZonaRoja_Oaxaca\/status\/1610738499933835264?ref_src=twsrc%5Etfw\">4 de enero de 2023<\/a><\/blockquote><\/div>\n<\/div><\/figure>\n","protected":false},"excerpt":{"rendered":"<p>Yuridiana Sosa\/Zona Roja. Oaxaca de Ju\u00e1rez, Oax., 4 de enero de 2023.- A m\u00e1s de&hellip;<\/p>\n","protected":false},"author":2,"featured_media":50054,"comment_status":"closed","ping_status":"open","sticky":false,"template":"","format":"standard","meta":{"_lmt_disableupdate":"","_lmt_disable":"","_jetpack_memberships_contains_paid_content":false,"footnotes":""},"categories":[109,47],"tags":[3234],"class_list":["post-50053","post","type-post","status-publish","format-standard","has-post-thumbnail","hentry","category-minuto-a-minuto","category-zona-gris","tag-abigail-hay-urrutia"],"jetpack_featured_media_url":"https:\/\/zonaroja.com.mx\/wp-content\/uploads\/2023\/01\/Familiares-Abigail-Hay-Urrutia.png","jetpack_sharing_enabled":true,"_links":{"self":[{"href":"https:\/\/zonaroja.com.mx\/index.php?rest_route=\/wp\/v2\/posts\/50053","targetHints":{"allow":["GET"]}}],"collection":[{"href":"https:\/\/zonaroja.com.mx\/index.php?rest_route=\/wp\/v2\/posts"}],"about":[{"href":"https:\/\/zonaroja.com.mx\/index.php?rest_route=\/wp\/v2\/types\/post"}],"author":[{"embeddable":true,"href":"https:\/\/zonaroja.com.mx\/index.php?rest_route=\/wp\/v2\/users\/2"}],"replies":[{"embeddable":true,"href":"https:\/\/zonaroja.com.mx\/index.php?rest_route=%2Fwp%2Fv2%2Fcomments&post=50053"}],"version-history":[{"count":1,"href":"https:\/\/zonaroja.com.mx\/index.php?rest_route=\/wp\/v2\/posts\/50053\/revisions"}],"predecessor-version":[{"id":50055,"href":"https:\/\/zonaroja.com.mx\/index.php?rest_route=\/wp\/v2\/posts\/50053\/revisions\/50055"}],"wp:featuredmedia":[{"embeddable":true,"href":"https:\/\/zonaroja.com.mx\/index.php?rest_route=\/wp\/v2\/media\/50054"}],"wp:attachment":[{"href":"https:\/\/zonaroja.com.mx\/index.php?rest_route=%2Fwp%2Fv2%2Fmedia&parent=50053"}],"wp:term":[{"taxonomy":"category","embeddable":true,"href":"https:\/\/zonaroja.com.mx\/index.php?rest_route=%2Fwp%2Fv2%2Fcategories&post=50053"},{"taxonomy":"post_tag","embeddable":true,"href":"https:\/\/zonaroja.com.mx\/index.php?rest_route=%2Fwp%2Fv2%2Ftags&post=50053"}],"curies":[{"name":"wp","href":"https:\/\/api.w.org\/{rel}","templated":true}]}}