{"id":50059,"date":"2023-01-04T21:40:31","date_gmt":"2023-01-05T03:40:31","guid":{"rendered":"http:\/\/www.zonaroja.com.mx\/?p=50059"},"modified":"2023-01-04T21:40:33","modified_gmt":"2023-01-05T03:40:33","slug":"tiene-gobernador-salomon-jara-primera-retencion-en-palacio","status":"publish","type":"post","link":"https:\/\/zonaroja.com.mx\/?p=50059","title":{"rendered":"Tiene gobernador Salom\u00f3n Jara primera retenci\u00f3n en Palacio"},"content":{"rendered":"\n<p>Ismael Garc\u00eda M.\/Zona Roja.<\/p>\n\n\n\n<p>Oaxaca de Ju\u00e1rez, Oax., a 4 de enero de 2023.- A un mes y cuatro d\u00edas de iniciado su mandato, el gobernador Salom\u00f3n Jara, funcionarios y visitantes, fueron retenidos por unas horas en el Palacio de Gobierno.<\/p>\n\n\n\n<p>Fueron habitantes del municipio de La Reforma que cerca de las 11:00 horas arribaron a la puerta lateral de la sede del Poder Ejecutivo, en la capital, mientras en el interior iniciaba una reuni\u00f3n de trabajo presidida por el mandatario y organizaciones de ind\u00edgenas triquis, con la presencia adem\u00e1s del subsecretario de Derechos Humanos de la Secretar\u00eda de Gobernaci\u00f3n, Alejandro Encinas.<\/p>\n\n\n\n<p>Los inconformes exigen el desconocimiento del Cipriano Arturo Guzm\u00e1n como presidente municipal, electo por asamblea, y se reconozca a Mar\u00eda de Jes\u00fas Hern\u00e1ndez, quien aseguran que tambi\u00e9n fue electa en una asamblea.<\/p>\n\n\n\n<p>Al no tener respuesta de las autoridades, los inconformes extendieron sus bloqueos a la puerta principal y acceso poniente del inmueble, mientras en el interior continuaba la reuni\u00f3n de trabajo sobre los desplazados de la zona triqui.<\/p>\n\n\n\n<p>El subsecretario de la Secretar\u00eda de Gobierno, Diego de la Cruz, sali\u00f3 a atender a los inconformes e insisti\u00f3 que el tema compet\u00eda a las instancias electorales; sin embargo, s\u00f3lo recibi\u00f3 reclamos y gritos.<\/p>\n\n\n\n<p>\u00a1Ya llevamos tres mesas de trabajo y siembre nos dicen lo mismo! \u00a1Que venga el gobernador! \u00a1Pura mentira Morena!, \u00a1Son unos corruptos! recriminaron los habitantes de La Reforma, mientras el funcionario estatal trataba de explicar a la prensa las gestiones que realizaba.<\/p>\n\n\n\n<p>Despu\u00e9s del mediod\u00eda un grupo de trabajadores y visitantes pudo salir del Palacio de Gobierno, mientras que los manifestantes permanec\u00edan hasta la tarde-noche de hoy en el exterior del edificio, en el Centro Hist\u00f3rico de la capital.<\/p>\n","protected":false},"excerpt":{"rendered":"<p>Ismael Garc\u00eda M.\/Zona Roja. Oaxaca de Ju\u00e1rez, Oax., a 4 de enero de 2023.- A&hellip;<\/p>\n","protected":false},"author":2,"featured_media":50061,"comment_status":"closed","ping_status":"open","sticky":false,"template":"","format":"standard","meta":{"_lmt_disableupdate":"","_lmt_disable":"","_jetpack_memberships_contains_paid_content":false,"footnotes":""},"categories":[109,47],"tags":[3287],"class_list":["post-50059","post","type-post","status-publish","format-standard","has-post-thumbnail","hentry","category-minuto-a-minuto","category-zona-gris","tag-la-reforma"],"jetpack_featured_media_url":"https:\/\/zonaroja.com.mx\/wp-content\/uploads\/2023\/01\/Bloqueo-habitantes-de-La-Reforma-Palacio-Oaxaca.jpg","jetpack_sharing_enabled":true,"_links":{"self":[{"href":"https:\/\/zonaroja.com.mx\/index.php?rest_route=\/wp\/v2\/posts\/50059","targetHints":{"allow":["GET"]}}],"collection":[{"href":"https:\/\/zonaroja.com.mx\/index.php?rest_route=\/wp\/v2\/posts"}],"about":[{"href":"https:\/\/zonaroja.com.mx\/index.php?rest_route=\/wp\/v2\/types\/post"}],"author":[{"embeddable":true,"href":"https:\/\/zonaroja.com.mx\/index.php?rest_route=\/wp\/v2\/users\/2"}],"replies":[{"embeddable":true,"href":"https:\/\/zonaroja.com.mx\/index.php?rest_route=%2Fwp%2Fv2%2Fcomments&post=50059"}],"version-history":[{"count":1,"href":"https:\/\/zonaroja.com.mx\/index.php?rest_route=\/wp\/v2\/posts\/50059\/revisions"}],"predecessor-version":[{"id":50062,"href":"https:\/\/zonaroja.com.mx\/index.php?rest_route=\/wp\/v2\/posts\/50059\/revisions\/50062"}],"wp:featuredmedia":[{"embeddable":true,"href":"https:\/\/zonaroja.com.mx\/index.php?rest_route=\/wp\/v2\/media\/50061"}],"wp:attachment":[{"href":"https:\/\/zonaroja.com.mx\/index.php?rest_route=%2Fwp%2Fv2%2Fmedia&parent=50059"}],"wp:term":[{"taxonomy":"category","embeddable":true,"href":"https:\/\/zonaroja.com.mx\/index.php?rest_route=%2Fwp%2Fv2%2Fcategories&post=50059"},{"taxonomy":"post_tag","embeddable":true,"href":"https:\/\/zonaroja.com.mx\/index.php?rest_route=%2Fwp%2Fv2%2Ftags&post=50059"}],"curies":[{"name":"wp","href":"https:\/\/api.w.org\/{rel}","templated":true}]}}