{"id":50063,"date":"2023-01-04T22:24:59","date_gmt":"2023-01-05T04:24:59","guid":{"rendered":"http:\/\/www.zonaroja.com.mx\/?p=50063"},"modified":"2023-01-04T22:25:01","modified_gmt":"2023-01-05T04:25:01","slug":"salina-cruz-entre-caos-basura-paro-de-labores-y-abandono-de-edil","status":"publish","type":"post","link":"https:\/\/zonaroja.com.mx\/?p=50063","title":{"rendered":"Salina Cruz, entre caos, basura, paro de labores\u2026 y abandono de edil"},"content":{"rendered":"\n<p>Redacci\u00f3n\/Zona Roja.<\/p>\n\n\n\n<p>Oaxaca de Ju\u00e1rez Oax., a 4 de enero de 2023.- Trabajadores sindicalizados del ayuntamiento de Salina Cruz, Oaxaca, cumplieron hoy dos d\u00edas de paro de labores; adem\u00e1s, bloquearon casi todo el mi\u00e9rcoles la carretera que comunica a ese municipio con Santo Domingo Tehuantepec.<\/p>\n\n\n\n<p>Ello por confrontaci\u00f3n del edil, surgido de Morena, Daniel M\u00e9ndez Sosa, quien se niega a reconocer a un dirigente sindical y a cumplir con autorizar las comisiones gremiales respectivas.<\/p>\n\n\n\n<p>Eso ha desatado tambi\u00e9n una crisis de la basura en esa ciudad porte\u00f1a de la regi\u00f3n del Istmo, pues ante el paro de labores, no hay servicios de recolecci\u00f3n de desechos.<\/p>\n\n\n\n<p>Se trata de unos 550 trabajadores sindicalizados a quienes el edil morenista desconoci\u00f3 a su dirigente, Mario Tr\u00e1paga Gonz\u00e1lez, por lo cual este gremio inici\u00f3 ayer una serie de acciones.<\/p>\n\n\n\n<p>\u201cAl querer retirar las comisiones sindicales y no reconocer al nuevo comit\u00e9 del sindicato Setsha 03, violentando sus derechos que les corresponde, nuevamente como al inicio de su administraci\u00f3n, por la soberbia, prepotencia y al haber perdido todas demandas en contra de los trabajadores como el aumento salarial de cada a\u00f1o, el aguinaldo que no quer\u00eda pagar y se vio obligado a hacerlo, el pago de jubilaci\u00f3n\u201d, acusaron.<\/p>\n\n\n\n<p>El dirigente del gremio insisti\u00f3 que la petici\u00f3n es que se reconozcan las cuatro carteras sindicales y en consecuencia se les autorice la comisi\u00f3n respectiva.<\/p>\n\n\n\n<p>Sin embargo, el presidente municipal Daniel M\u00e9ndez Sosa se ha negado al di\u00e1logo, acusaron.<\/p>\n","protected":false},"excerpt":{"rendered":"<p>Redacci\u00f3n\/Zona Roja. Oaxaca de Ju\u00e1rez Oax., a 4 de enero de 2023.- Trabajadores sindicalizados del&hellip;<\/p>\n","protected":false},"author":2,"featured_media":50060,"comment_status":"closed","ping_status":"open","sticky":false,"template":"","format":"standard","meta":{"_lmt_disableupdate":"","_lmt_disable":"","_jetpack_memberships_contains_paid_content":false,"footnotes":""},"categories":[109,47],"tags":[168],"class_list":["post-50063","post","type-post","status-publish","format-standard","has-post-thumbnail","hentry","category-minuto-a-minuto","category-zona-gris","tag-salina-cruz"],"jetpack_featured_media_url":"https:\/\/zonaroja.com.mx\/wp-content\/uploads\/2023\/01\/Bloqueo-Salina-Cruz.jpg","jetpack_sharing_enabled":true,"_links":{"self":[{"href":"https:\/\/zonaroja.com.mx\/index.php?rest_route=\/wp\/v2\/posts\/50063","targetHints":{"allow":["GET"]}}],"collection":[{"href":"https:\/\/zonaroja.com.mx\/index.php?rest_route=\/wp\/v2\/posts"}],"about":[{"href":"https:\/\/zonaroja.com.mx\/index.php?rest_route=\/wp\/v2\/types\/post"}],"author":[{"embeddable":true,"href":"https:\/\/zonaroja.com.mx\/index.php?rest_route=\/wp\/v2\/users\/2"}],"replies":[{"embeddable":true,"href":"https:\/\/zonaroja.com.mx\/index.php?rest_route=%2Fwp%2Fv2%2Fcomments&post=50063"}],"version-history":[{"count":1,"href":"https:\/\/zonaroja.com.mx\/index.php?rest_route=\/wp\/v2\/posts\/50063\/revisions"}],"predecessor-version":[{"id":50064,"href":"https:\/\/zonaroja.com.mx\/index.php?rest_route=\/wp\/v2\/posts\/50063\/revisions\/50064"}],"wp:featuredmedia":[{"embeddable":true,"href":"https:\/\/zonaroja.com.mx\/index.php?rest_route=\/wp\/v2\/media\/50060"}],"wp:attachment":[{"href":"https:\/\/zonaroja.com.mx\/index.php?rest_route=%2Fwp%2Fv2%2Fmedia&parent=50063"}],"wp:term":[{"taxonomy":"category","embeddable":true,"href":"https:\/\/zonaroja.com.mx\/index.php?rest_route=%2Fwp%2Fv2%2Fcategories&post=50063"},{"taxonomy":"post_tag","embeddable":true,"href":"https:\/\/zonaroja.com.mx\/index.php?rest_route=%2Fwp%2Fv2%2Ftags&post=50063"}],"curies":[{"name":"wp","href":"https:\/\/api.w.org\/{rel}","templated":true}]}}