{"id":50066,"date":"2023-01-05T06:43:49","date_gmt":"2023-01-05T12:43:49","guid":{"rendered":"http:\/\/www.zonaroja.com.mx\/?p=50066"},"modified":"2023-01-05T06:43:50","modified_gmt":"2023-01-05T12:43:50","slug":"abaten-policias-a-lider-criminal-el-neto-que-se-fugo-en-ciudad-juarez","status":"publish","type":"post","link":"https:\/\/zonaroja.com.mx\/?p=50066","title":{"rendered":"Abaten polic\u00edas a l\u00edder criminal \u201cEl Neto\u201d que se fug\u00f3 en Ciudad Juarez"},"content":{"rendered":"\n<p>Redacci\u00f3n\/Zona Roja Cdmx.<\/p>\n\n\n\n<p>Ciudad de M\u00e9xico, a 5 de enero de 2023.- Tras un enfrentamiento y persecuci\u00f3n en calles de Ciudad Juarez, Chihuahua, fue herido de gravedad Ernesto Pi\u00f1\u00f3n de la Cruz, alias \u201cEl Neto\u201d, quien se fug\u00f3 de un reclusorio estatal con otras 29 personas, y muri\u00f3 cuando era trasladado a un hospital.<\/p>\n\n\n\n<p>La Fiscal\u00eda General de esa entidad, inform\u00f3 que desde que ocurri\u00f3 el mot\u00edn y evasi\u00f3n, el pasado domingo, se implementaron operativos de b\u00fasqueda.<\/p>\n\n\n\n<p>Fue la madrugada de hoy en que elementos de la Secretar\u00eda de la Defensa Nacional (Sedena), la Agencia Estatal de Investigaci\u00f3n, la Fiscal\u00eda de Distrito zona Norte y la Secretar\u00eda de Seguridad P\u00fablica (SSP) efectuaban operativos de b\u00fasqueda.<\/p>\n\n\n\n<p>Al ser localizado en un domicilio, en la calle Toltecas y Tetzales de la colonia Aztecas de Ciudad Juarez, opuso resistencia, lo que gener\u00f3 un enfrentamiento armado; \u201cEl Neto\u201d huy\u00f3 en un veh\u00edculo blindado junto con su gente, pero se impact\u00f3 contra una gasolinera.<\/p>\n\n\n\n<p>\u00abLa captura de Ernesto Pi\u00f1\u00f3n se registr\u00f3 despu\u00e9s de un intercambio de disparos en uno de los domicilios, de donde huy\u00f3 en un veh\u00edculo hasta impactarse en una gasolinera. En ese lugar dispar\u00f3 en contra de las fuerzas del orden, resultando herido de gravedad y falleciendo posteriormente cuando era trasladado a las instalaciones de la Fiscal\u00eda de Distrito Zona Norte\u201d, informaron las autoridades esta madrugada.<\/p>\n\n\n\n<p>Francisco Pi\u00f1\u00f3n de la Cruz, \u00abEl Neto\u00bb, era l\u00edder del grupo criminal \u201cLos Mexicles\u201d y se fug\u00f3 del Centro de Readaptaci\u00f3n Social 3 de Ciudad Ju\u00e1rez el pasado domingo junto con 29 reos m\u00e1s, tras un mot\u00edn que dej\u00f3 17 muertos.<\/p>\n\n\n\n<p>Tras el enfrentamiento aseguraron un veh\u00edculo blindado BMW, ocho armas largas y cinco chalecos t\u00e1cticos.<\/p>\n","protected":false},"excerpt":{"rendered":"<p>Redacci\u00f3n\/Zona Roja Cdmx. Ciudad de M\u00e9xico, a 5 de enero de 2023.- Tras un enfrentamiento&hellip;<\/p>\n","protected":false},"author":2,"featured_media":50067,"comment_status":"closed","ping_status":"open","sticky":false,"template":"","format":"standard","meta":{"_lmt_disableupdate":"","_lmt_disable":"","_jetpack_memberships_contains_paid_content":false,"footnotes":""},"categories":[109,47],"tags":[3373],"class_list":["post-50066","post","type-post","status-publish","format-standard","has-post-thumbnail","hentry","category-minuto-a-minuto","category-zona-gris","tag-ernesto-alfredo-pinon-de-la-cruz"],"jetpack_featured_media_url":"https:\/\/zonaroja.com.mx\/wp-content\/uploads\/2023\/01\/El-Neto-Ciudad-Juarez.jpeg","jetpack_sharing_enabled":true,"_links":{"self":[{"href":"https:\/\/zonaroja.com.mx\/index.php?rest_route=\/wp\/v2\/posts\/50066","targetHints":{"allow":["GET"]}}],"collection":[{"href":"https:\/\/zonaroja.com.mx\/index.php?rest_route=\/wp\/v2\/posts"}],"about":[{"href":"https:\/\/zonaroja.com.mx\/index.php?rest_route=\/wp\/v2\/types\/post"}],"author":[{"embeddable":true,"href":"https:\/\/zonaroja.com.mx\/index.php?rest_route=\/wp\/v2\/users\/2"}],"replies":[{"embeddable":true,"href":"https:\/\/zonaroja.com.mx\/index.php?rest_route=%2Fwp%2Fv2%2Fcomments&post=50066"}],"version-history":[{"count":1,"href":"https:\/\/zonaroja.com.mx\/index.php?rest_route=\/wp\/v2\/posts\/50066\/revisions"}],"predecessor-version":[{"id":50068,"href":"https:\/\/zonaroja.com.mx\/index.php?rest_route=\/wp\/v2\/posts\/50066\/revisions\/50068"}],"wp:featuredmedia":[{"embeddable":true,"href":"https:\/\/zonaroja.com.mx\/index.php?rest_route=\/wp\/v2\/media\/50067"}],"wp:attachment":[{"href":"https:\/\/zonaroja.com.mx\/index.php?rest_route=%2Fwp%2Fv2%2Fmedia&parent=50066"}],"wp:term":[{"taxonomy":"category","embeddable":true,"href":"https:\/\/zonaroja.com.mx\/index.php?rest_route=%2Fwp%2Fv2%2Fcategories&post=50066"},{"taxonomy":"post_tag","embeddable":true,"href":"https:\/\/zonaroja.com.mx\/index.php?rest_route=%2Fwp%2Fv2%2Ftags&post=50066"}],"curies":[{"name":"wp","href":"https:\/\/api.w.org\/{rel}","templated":true}]}}