{"id":50074,"date":"2023-01-05T11:29:00","date_gmt":"2023-01-05T17:29:00","guid":{"rendered":"http:\/\/www.zonaroja.com.mx\/?p=50074"},"modified":"2023-01-05T07:30:21","modified_gmt":"2023-01-05T13:30:21","slug":"el-43-de-mexicanos-senala-la-inseguridad-como-el-principal-problema-del-pais","status":"publish","type":"post","link":"https:\/\/zonaroja.com.mx\/?p=50074","title":{"rendered":"El 43% de mexicanos se\u00f1ala la inseguridad como el principal problema del pa\u00eds"},"content":{"rendered":"\n<p>Redacci\u00f3n\/Zona Roja Cdmx.<\/p>\n\n\n\n<p>Ciudad de M\u00e9xico, a 5 de enero de 2023.- La inseguridad es el principal problema del pa\u00eds para el 43 por ciento de los mexicanos, esto mientras M\u00e9xico sufre una ola de violencia gracias al mot\u00edn de reos en Chihuahua, as\u00ed como los m\u00faltiples enfrentamientos en Jalisco, Nuevo Le\u00f3n y Veracruz.<\/p>\n\n\n\n<p>De acuerdo con la encuesta de \u201cEl Financiero\u201d sobre la percepci\u00f3n de la gente sobre el gobierno del presidente Andr\u00e9s Manuel L\u00f3pez Obrador, la inseguridad es un problema incluso mayor que la econom\u00eda, el desempleo, la inflaci\u00f3n y la sexta ola de Covid-19 que mantiene los contagios del virus a la alza desde inicios de diciembre.<\/p>\n\n\n\n<p>Aunque a finales de noviembre la perspectiva sobre la inseguridad como principal problema del pa\u00eds era del 47 por ciento y en diciembre baj\u00f3 al 43, la situaci\u00f3n de violencia que vive M\u00e9xico sigue como una de las que m\u00e1s \u2018achacan\u2019 a la poblaci\u00f3n.<\/p>\n\n\n\n<p>El 52 por ciento de la poblaci\u00f3n encuestada por \u201cEl Financiero\u201d dijo que la seguridad p\u00fablica va mal o muy mal, frente a un 36 por ciento que considera que los trabajos contra la violencia van por buen camino.<\/p>\n\n\n\n<p>La encuesta se realiz\u00f3 a mediados de diciembre, luego de un a\u00f1o plagado por ataques del crimen organizado, de los cuales destacan los \u201cnarcobloqueos\u201d en estados como Jalisco, Guanajuato, Chihuahua, Baja California y Michoac\u00e1n ocurridos entre el 10 y el 14 de agosto.<\/p>\n\n\n\n<p>El saldo de aquella ola de violencia fue de 341 muertos, es decir, al rededor de 68 homicidios al d\u00eda.<\/p>\n\n\n\n<p>M\u00e9xico comenz\u00f3 el 2023 con otra ola de violencia derivada de enfrentamientos:<\/p>\n\n\n\n<p>El domingo 1 de enero hubo un mot\u00edn en el Centro de Readaptaci\u00f3n Social (Cereso) n\u00famero tres en Ciudad Ju\u00e1rez, Chihuahua, que deriv\u00f3 en el escape de Ernesto Alfredo Pi\u00f1\u00f3n de la Cruz, conocido como \u2018El Neto\u2019 y l\u00edder de la banda los Mexicles.<\/p>\n\n\n\n<p>La violencia continu\u00f3 en la entidad este 2 de enero, cuando \u00abLos Mexicles\u201d se enfrentaron a autoridades en la entidad y dejaron siete muertos.<\/p>\n\n\n\n<p>La tarde de este lunes 2 de enero, en el municipio de Salinas Victoria, Nuevo Le\u00f3n se registr\u00f3 un enfrentamiento entre polic\u00edas y miembros del crimen organizado, que dej\u00f3 al menos tres agentes y dos delincuentes muertos.<\/p>\n\n\n\n<p>En Lagos de Moreno, Jalisco, tambi\u00e9n se report\u00f3 un enfrentamiento entre civiles armados y polic\u00edas, que dej\u00f3 como saldo a tres personas muertas.<\/p>\n\n\n\n<p>Apenas el 1 de enero se reportaron 87 asesinatos a lo largo del pa\u00eds, la mayor\u00eda de estos en Chihuahua (21); sin embargo, tambi\u00e9n hubo muertos en Veracruz (13), Estado de M\u00e9xico (9) y Guanajuato (8).<\/p>\n","protected":false},"excerpt":{"rendered":"<p>Redacci\u00f3n\/Zona Roja Cdmx. Ciudad de M\u00e9xico, a 5 de enero de 2023.- La inseguridad es&hellip;<\/p>\n","protected":false},"author":2,"featured_media":40294,"comment_status":"closed","ping_status":"open","sticky":false,"template":"","format":"standard","meta":{"_lmt_disableupdate":"","_lmt_disable":"","_jetpack_memberships_contains_paid_content":false,"footnotes":""},"categories":[109,47],"tags":[1746],"class_list":["post-50074","post","type-post","status-publish","format-standard","has-post-thumbnail","hentry","category-minuto-a-minuto","category-zona-gris","tag-violencia-en-mexico"],"jetpack_featured_media_url":"https:\/\/zonaroja.com.mx\/wp-content\/uploads\/2022\/04\/Asalto-a-mano-armada-inseguridad-violencia-robo.jpg","jetpack_sharing_enabled":true,"_links":{"self":[{"href":"https:\/\/zonaroja.com.mx\/index.php?rest_route=\/wp\/v2\/posts\/50074","targetHints":{"allow":["GET"]}}],"collection":[{"href":"https:\/\/zonaroja.com.mx\/index.php?rest_route=\/wp\/v2\/posts"}],"about":[{"href":"https:\/\/zonaroja.com.mx\/index.php?rest_route=\/wp\/v2\/types\/post"}],"author":[{"embeddable":true,"href":"https:\/\/zonaroja.com.mx\/index.php?rest_route=\/wp\/v2\/users\/2"}],"replies":[{"embeddable":true,"href":"https:\/\/zonaroja.com.mx\/index.php?rest_route=%2Fwp%2Fv2%2Fcomments&post=50074"}],"version-history":[{"count":1,"href":"https:\/\/zonaroja.com.mx\/index.php?rest_route=\/wp\/v2\/posts\/50074\/revisions"}],"predecessor-version":[{"id":50075,"href":"https:\/\/zonaroja.com.mx\/index.php?rest_route=\/wp\/v2\/posts\/50074\/revisions\/50075"}],"wp:featuredmedia":[{"embeddable":true,"href":"https:\/\/zonaroja.com.mx\/index.php?rest_route=\/wp\/v2\/media\/40294"}],"wp:attachment":[{"href":"https:\/\/zonaroja.com.mx\/index.php?rest_route=%2Fwp%2Fv2%2Fmedia&parent=50074"}],"wp:term":[{"taxonomy":"category","embeddable":true,"href":"https:\/\/zonaroja.com.mx\/index.php?rest_route=%2Fwp%2Fv2%2Fcategories&post=50074"},{"taxonomy":"post_tag","embeddable":true,"href":"https:\/\/zonaroja.com.mx\/index.php?rest_route=%2Fwp%2Fv2%2Ftags&post=50074"}],"curies":[{"name":"wp","href":"https:\/\/api.w.org\/{rel}","templated":true}]}}