{"id":50078,"date":"2023-01-05T08:20:06","date_gmt":"2023-01-05T14:20:06","guid":{"rendered":"http:\/\/www.zonaroja.com.mx\/?p=50078"},"modified":"2023-01-05T08:20:08","modified_gmt":"2023-01-05T14:20:08","slug":"la-tragedia-familiar-que-nadie-vio-en-matias-romero-oaxaca","status":"publish","type":"post","link":"https:\/\/zonaroja.com.mx\/?p=50078","title":{"rendered":"La tragedia familiar que nadie vio en Mat\u00edas Romero, Oaxaca"},"content":{"rendered":"\n<p>Ismael Garc\u00eda M.\/Zona Roja.<\/p>\n\n\n\n<p>Oaxaca de Ju\u00e1rez, Oax., a 5 de enero de 2023.- En el n\u00famero 805 de la calle 16 de Septiembre, en Mat\u00edas Romero, siempre se o\u00edan gritos, golpes, pero nadie hac\u00eda caso.<\/p>\n\n\n\n<p>Leonel A. M., acostumbraba a ingerir alcohol de manera continua y tras ello llegaba a golpear a su esposa Carmela J. S., y hasta a su madre Mary Estela M. H., que viv\u00eda en el mismo domicilio.<\/p>\n\n\n\n<p>El terror era constante para las peque\u00f1as de ambos, Karina S. A., de siete a\u00f1o, y Noem\u00ed S. A., de tres a\u00f1os. Pero nadie sal\u00eda en defensa de ellas, por miedo al sujeto de 29 a\u00f1os de edad.<\/p>\n\n\n\n<p>El 31 de diciembre, Leonel empez\u00f3 los festejos de fin de a\u00f1o y de llegada de uno nuevo. Pero lo hizo como siempre, tomando alcohol con sus amigos y llegando ebrio a su casa, a escandalizar.<\/p>\n\n\n\n<p>El testimonio de un menor dio pistas a la Fiscal\u00eda General del Estado, sobre el incendio provocado por el hombre, que tiene a los cinco miembros de la familia con quemaduras, graves. Una peque\u00f1a de siete a\u00f1os muri\u00f3 ayer.<\/p>\n\n\n\n<p>Leonel sigui\u00f3 su propia fiesta el 1 y el 2 de enero, tomando y tomando. Pero a medida que se embriagaba, se tornaba cada vez m\u00e1s violento.<\/p>\n\n\n\n<p>Casi a la media noche del 2 de enero, exigi\u00f3 la cena a su esposa, pero lo hizo con golpes. Su madre, Mary Estela, sali\u00f3 en defensa de su nuera, pero le fue igual.&nbsp;<\/p>\n\n\n\n<p>Sin piedad fueron agredidas las dos mujeres. El hermano del sujeto que hab\u00eda llegado a la casa intent\u00f3 calmarlo, pero nada pudo hacer. Las peque\u00f1as intentaban dormir, pero el terror las asesinaba.<\/p>\n\n\n\n<p>Las ni\u00f1as, la madre y la abuela se fueron a dormir en un cuarto. Pero Leonel enloqueci\u00f3, quiz\u00e1 cegado tambi\u00e9n por el consumo de enervantes.&nbsp;<\/p>\n\n\n\n<p>En los primeros minutos del 3 de enero, ingres\u00f3 al cuarto de ellas, con un bid\u00f3n de gasolina que ya ten\u00eda preparado. \u201c\u00a1Ahora s\u00ed las voy a matar! Ya me tienen harto! \u00a1Los odio!\u201d, grit\u00f3. Sin pensarlo dos veces, roci\u00f3 el combustible y prendi\u00f3 el fuego, que tambi\u00e9n lo alcanz\u00f3.<\/p>\n\n\n\n<p>Vecinos, polic\u00edas y otros familiares arribaron al lugar y como pudieron salvaron al hermano de Leonel, que dorm\u00eda en otro cuarto, y lograron sacar a las cinco personas. Pero ya era tarde.<\/p>\n\n\n\n<p>Las peque\u00f1as, su madre y su abuela, al igual que Leonel, ten\u00edan quemaduras graves y fueron trasladados al hospital del IMSS de Mat\u00edas Romero.<\/p>\n\n\n\n<p>La situaci\u00f3n se agrav\u00f3 para las peque\u00f1as y la tarde de ese martes, fueron trasladadas al Hospital de la Ni\u00f1ez, en San Bartolo Coyotepec, zona conurbada a la capital.<\/p>\n\n\n\n<p>Pero Karina, de siete a\u00f1os, muri\u00f3 ayer por la madrugada; Noem\u00ed, de tres a\u00f1os, est\u00e1 muy grave. El desenlace podr\u00eda ser m\u00e1s fatal.<\/p>\n\n\n\n<p>Leonel sigue encamado, con vigilancia policiaca, en espera que le apliquen una orden de aprehensi\u00f3n, por el delito de feminicidio y tentativa de feminicidio. Las mujeres adultas convalecen igual, con quemaduras de segundo y tercer grado. La tragedia sigue a la puerta.<\/p>\n","protected":false},"excerpt":{"rendered":"<p>Ismael Garc\u00eda M.\/Zona Roja. Oaxaca de Ju\u00e1rez, Oax., a 5 de enero de 2023.- En&hellip;<\/p>\n","protected":false},"author":2,"featured_media":50079,"comment_status":"closed","ping_status":"open","sticky":false,"template":"","format":"standard","meta":{"_lmt_disableupdate":"","_lmt_disable":"","_jetpack_memberships_contains_paid_content":false,"footnotes":""},"categories":[109,47],"tags":[228],"class_list":["post-50078","post","type-post","status-publish","format-standard","has-post-thumbnail","hentry","category-minuto-a-minuto","category-zona-gris","tag-matias-romero-avendano"],"jetpack_featured_media_url":"https:\/\/zonaroja.com.mx\/wp-content\/uploads\/2023\/01\/Menor-quemado-incendio-calcinado.jpeg","jetpack_sharing_enabled":true,"_links":{"self":[{"href":"https:\/\/zonaroja.com.mx\/index.php?rest_route=\/wp\/v2\/posts\/50078","targetHints":{"allow":["GET"]}}],"collection":[{"href":"https:\/\/zonaroja.com.mx\/index.php?rest_route=\/wp\/v2\/posts"}],"about":[{"href":"https:\/\/zonaroja.com.mx\/index.php?rest_route=\/wp\/v2\/types\/post"}],"author":[{"embeddable":true,"href":"https:\/\/zonaroja.com.mx\/index.php?rest_route=\/wp\/v2\/users\/2"}],"replies":[{"embeddable":true,"href":"https:\/\/zonaroja.com.mx\/index.php?rest_route=%2Fwp%2Fv2%2Fcomments&post=50078"}],"version-history":[{"count":1,"href":"https:\/\/zonaroja.com.mx\/index.php?rest_route=\/wp\/v2\/posts\/50078\/revisions"}],"predecessor-version":[{"id":50080,"href":"https:\/\/zonaroja.com.mx\/index.php?rest_route=\/wp\/v2\/posts\/50078\/revisions\/50080"}],"wp:featuredmedia":[{"embeddable":true,"href":"https:\/\/zonaroja.com.mx\/index.php?rest_route=\/wp\/v2\/media\/50079"}],"wp:attachment":[{"href":"https:\/\/zonaroja.com.mx\/index.php?rest_route=%2Fwp%2Fv2%2Fmedia&parent=50078"}],"wp:term":[{"taxonomy":"category","embeddable":true,"href":"https:\/\/zonaroja.com.mx\/index.php?rest_route=%2Fwp%2Fv2%2Fcategories&post=50078"},{"taxonomy":"post_tag","embeddable":true,"href":"https:\/\/zonaroja.com.mx\/index.php?rest_route=%2Fwp%2Fv2%2Ftags&post=50078"}],"curies":[{"name":"wp","href":"https:\/\/api.w.org\/{rel}","templated":true}]}}