{"id":50081,"date":"2023-01-05T10:59:00","date_gmt":"2023-01-05T16:59:00","guid":{"rendered":"http:\/\/www.zonaroja.com.mx\/?p=50081"},"modified":"2023-01-05T11:16:48","modified_gmt":"2023-01-05T17:16:48","slug":"pend-1-2","status":"publish","type":"post","link":"https:\/\/zonaroja.com.mx\/?p=50081","title":{"rendered":"Fallece tambi\u00e9n la peque\u00f1a de tres a\u00f1os de edad, tras ser quemada en Mat\u00edas Romero"},"content":{"rendered":"\n<p>Zona Roja\/Zona Roja.&nbsp;<\/p>\n\n\n\n<p>Oaxaca de Ju\u00e1rez, Oax.. a 5 de enero de 2023.- La segunda menor de edad que result\u00f3 con quemaduras en todo el cuerpo, en Mat\u00edas Romero, falleci\u00f3 este jueves en un hospital de la regi\u00f3n Valles Centrales de Oaxaca.<\/p>\n\n\n\n<p>Se trata de Noem\u00ed S. A., de tres a\u00f1os de edad, una de los cinco miembros de la familia completa que resultaron quemadas en su domicilio la madrugada del martes, en incendio generado presuntamente por su padre. <\/p>\n\n\n\n<p>De acuerdo con fuentes de la Fiscal\u00eda General del Estado y de los Servicios de Salud de Oaxaca, la menor de edad, al igual que su hermana que muri\u00f3 ayer, no resisti\u00f3 la gravedad de las lesiones que le caus\u00f3 el fuego en la totalidad del cuerpo. <\/p>\n\n\n\n<p>La tarde del pasado martes, las dos ni\u00f1as fueron trasladadas v\u00eda a\u00e9rea del hospital del IMSS en Mat\u00edas Romero, hacia el Hospital de la Ni\u00f1ez Oaxaque\u00f1a, ubicado en San Bartolo Coyotepec, al sur de la capital.<\/p>\n\n\n\n<p>Sin embargo ayer falleci\u00f3 Karina S. A., de siete a\u00f1os, y hoy se registr\u00f3 el deceso de Noem\u00ed.<\/p>\n\n\n\n<p>En tanto el padre, abuela de las peque\u00f1as y la madre, siguen hospitalizadas en Mat\u00edas Romero y tambi\u00e9n se encuentra delicada de salud.<\/p>\n","protected":false},"excerpt":{"rendered":"<p>Zona Roja\/Zona Roja.&nbsp; Oaxaca de Ju\u00e1rez, Oax.. a 5 de enero de 2023.- La segunda&hellip;<\/p>\n","protected":false},"author":2,"featured_media":50085,"comment_status":"closed","ping_status":"open","sticky":false,"template":"","format":"standard","meta":{"_lmt_disableupdate":"","_lmt_disable":"","_jetpack_memberships_contains_paid_content":false,"footnotes":""},"categories":[109,51],"tags":[],"class_list":["post-50081","post","type-post","status-publish","format-standard","has-post-thumbnail","hentry","category-minuto-a-minuto","category-zona-roja"],"jetpack_featured_media_url":"https:\/\/zonaroja.com.mx\/wp-content\/uploads\/2023\/01\/realiza-sso-las-gestiones-para-el-traslado-ae\u0301reo-de-dos-pacientes-adultos-que-presentan-quemaduras.jpg","jetpack_sharing_enabled":true,"_links":{"self":[{"href":"https:\/\/zonaroja.com.mx\/index.php?rest_route=\/wp\/v2\/posts\/50081","targetHints":{"allow":["GET"]}}],"collection":[{"href":"https:\/\/zonaroja.com.mx\/index.php?rest_route=\/wp\/v2\/posts"}],"about":[{"href":"https:\/\/zonaroja.com.mx\/index.php?rest_route=\/wp\/v2\/types\/post"}],"author":[{"embeddable":true,"href":"https:\/\/zonaroja.com.mx\/index.php?rest_route=\/wp\/v2\/users\/2"}],"replies":[{"embeddable":true,"href":"https:\/\/zonaroja.com.mx\/index.php?rest_route=%2Fwp%2Fv2%2Fcomments&post=50081"}],"version-history":[{"count":3,"href":"https:\/\/zonaroja.com.mx\/index.php?rest_route=\/wp\/v2\/posts\/50081\/revisions"}],"predecessor-version":[{"id":50087,"href":"https:\/\/zonaroja.com.mx\/index.php?rest_route=\/wp\/v2\/posts\/50081\/revisions\/50087"}],"wp:featuredmedia":[{"embeddable":true,"href":"https:\/\/zonaroja.com.mx\/index.php?rest_route=\/wp\/v2\/media\/50085"}],"wp:attachment":[{"href":"https:\/\/zonaroja.com.mx\/index.php?rest_route=%2Fwp%2Fv2%2Fmedia&parent=50081"}],"wp:term":[{"taxonomy":"category","embeddable":true,"href":"https:\/\/zonaroja.com.mx\/index.php?rest_route=%2Fwp%2Fv2%2Fcategories&post=50081"},{"taxonomy":"post_tag","embeddable":true,"href":"https:\/\/zonaroja.com.mx\/index.php?rest_route=%2Fwp%2Fv2%2Ftags&post=50081"}],"curies":[{"name":"wp","href":"https:\/\/api.w.org\/{rel}","templated":true}]}}