{"id":50083,"date":"2023-01-05T13:20:00","date_gmt":"2023-01-05T19:20:00","guid":{"rendered":"http:\/\/www.zonaroja.com.mx\/?p=50083"},"modified":"2023-01-05T16:58:31","modified_gmt":"2023-01-05T22:58:31","slug":"pend-2-3","status":"publish","type":"post","link":"https:\/\/zonaroja.com.mx\/?p=50083","title":{"rendered":"Captura de Ovidio Guzm\u00e1n, \u00bf\u201ctrofeo\u201d para el gobierno y no un \u201cgolpe letal\u201d?"},"content":{"rendered":"\n<p>Redacci\u00f3n\/Zona Roja Cdmx.<\/p>\n\n\n\n<p>Ciudad de M\u00e9xico, a 5 de enero de 2023.- Luego de la captura de Ovidio Guzm\u00e1n, alias El Rat\u00f3n, se desencadenaron diversas acciones violentas por parte de presuntos miembros del crimen organizado, supuestamente del C\u00e1rtel de Sinaloa.<\/p>\n\n\n\n<p>El aseguramiento de el hijo de Joaqu\u00edn El ChapoGuzm\u00e1n sucedi\u00f3 por la madrugada del jueves 5 de enero en la sindicatura de Jes\u00fas Mar\u00eda luego de un fuerte operativo realizado por autoridades mexicanas.<\/p>\n\n\n\n<p>\u201cEsta detenci\u00f3n representa un golpe contundente a la c\u00fapula de poder del C\u00e1rtel del Pac\u00edfico\u201d, detall\u00f3 en conferencia de prensa el secretario de la Defensa, Luis Cresencio Sandoval, incluso dijo que la captura deriv\u00f3 de seis meses de trabajo.<\/p>\n\n\n\n<p>Tras la captura hombres armados realizaronbloqueos y acciones violentas en la zona. Otro tipo de reacciones fue por parte de personas que se\u00f1alaron que el arresto de El Rat\u00f3n estar\u00eda relacionado con la pr\u00f3xima llegada de el presidente de Estados Unidos, Joe Biden.<\/p>\n\n\n\n<p>De igual amanera el periodista especializado en temas de narcotr\u00e1fico, Oscar Balderas comparti\u00f3 una serie de reflexiones sobre la captura de uno de los l\u00edderes de Los Chapitos. Al principio el comunicador se\u00f1al\u00f3 que Ovidio Guzm\u00e1n no es un mando principal, pues su hermano Archivaldo Guzm\u00e1n Salazar, El Chapitoser\u00eda el que ostenta mayor poder.<\/p>\n\n\n\n<p>\u201cLa detenci\u00f3n de Ovidio Guzm\u00e1n no es un golpe letal para el C\u00e1rtel de Sinaloa. Ni siquiera un eventual arresto del Iv\u00e1n Archivaldo\u201d, comparti\u00f3 a trav\u00e9s de redes sociales. La raz\u00f3n seg\u00fan Balderas, es que su estructura y rutas no han sido afectados.<\/p>\n\n\n\n<p>\u201cOvidio Guzm\u00e1n es un trofeo para el gobierno mexicano. No es un generador de violencia ni un irremplazable traficante de metanfetaminas y fentanilo\u201d<\/p>\n\n\n\n<p>De igual manera apunt\u00f3 que el arresto del hijo de El Chapo se da en un contexto en el que el presidente estadounidense Joe Biden, adem\u00e1s Ovidio podr\u00eda verse involucrado en un proceso de extradici\u00f3n a Estados Unidos, debido a que es acusado por tr\u00e1fico de metanfetaminas y coca\u00edna.<\/p>\n\n\n\n<p>Seg\u00fan el comunicador Los Chapitos tienen cierto control en Culiac\u00e1n, sin embargo otros territorios cuentan con presencia de el Grupo Flechas MZ, una facci\u00f3n identificada bajo las ordenes de El Mayo Zambada.<\/p>\n\n\n\n<p>Fuentes federales confirmaron a Oscar Balderas que se iniciaron alertas en diferentes territoriostales como Sonora, Chihuahua, Colima y Jalisco, por lo que hay operativos militares para responder a posibles agresiones por parte de miembros del crimen organizado en dichas zonas.<\/p>\n\n\n\n<p>El 17 de octubre de 2019, el nombre de Ovidio Guzm\u00e1n L\u00f3pez acapar\u00f3 la atenci\u00f3n de la ciudadan\u00eda luego de que elementos de la Secretar\u00eda de la Defensa Nacional (Sedena) lo detuvieran en Culiac\u00e1n.<\/p>\n\n\n\n<p>Sin embargo, en dicha ocasi\u00f3n los miembros del crimen organizado realizaron diversas acciones violentas lo que deriv\u00f3 en que fuera liberado, d\u00edas despu\u00e9s el presidente Andr\u00e9s Manuel L\u00f3pez Obrador (AMLO) confirm\u00f3 que fue \u00e9l quien dio la orden de liberar a El Rat\u00f3n.<\/p>\n\n\n\n<p>En 2021 el Departamento de Estado de Estados Unidos anunci\u00f3 que ofrec\u00edan una recompensa de hasta USD 5 millones por informaci\u00f3n que pudiera conducir a la detenci\u00f3n y condena de cuatro de los hijos del fundador del C\u00e1rtel de Sinaloa, incluyendo a Ovidio Guzm\u00e1n, El Rat\u00f3n.<br \/>(Informaci\u00f3n de Infobae M\u00e9xico)<\/p>\n","protected":false},"excerpt":{"rendered":"<p>Redacci\u00f3n\/Zona Roja Cdmx. Ciudad de M\u00e9xico, a 5 de enero de 2023.- Luego de la&hellip;<\/p>\n","protected":false},"author":2,"featured_media":50088,"comment_status":"closed","ping_status":"open","sticky":false,"template":"","format":"standard","meta":{"_lmt_disableupdate":"","_lmt_disable":"","_jetpack_memberships_contains_paid_content":false,"footnotes":""},"categories":[109,47],"tags":[],"class_list":["post-50083","post","type-post","status-publish","format-standard","has-post-thumbnail","hentry","category-minuto-a-minuto","category-zona-gris"],"jetpack_featured_media_url":"https:\/\/zonaroja.com.mx\/wp-content\/uploads\/2023\/01\/img_4196.jpg","jetpack_sharing_enabled":true,"_links":{"self":[{"href":"https:\/\/zonaroja.com.mx\/index.php?rest_route=\/wp\/v2\/posts\/50083","targetHints":{"allow":["GET"]}}],"collection":[{"href":"https:\/\/zonaroja.com.mx\/index.php?rest_route=\/wp\/v2\/posts"}],"about":[{"href":"https:\/\/zonaroja.com.mx\/index.php?rest_route=\/wp\/v2\/types\/post"}],"author":[{"embeddable":true,"href":"https:\/\/zonaroja.com.mx\/index.php?rest_route=\/wp\/v2\/users\/2"}],"replies":[{"embeddable":true,"href":"https:\/\/zonaroja.com.mx\/index.php?rest_route=%2Fwp%2Fv2%2Fcomments&post=50083"}],"version-history":[{"count":3,"href":"https:\/\/zonaroja.com.mx\/index.php?rest_route=\/wp\/v2\/posts\/50083\/revisions"}],"predecessor-version":[{"id":50090,"href":"https:\/\/zonaroja.com.mx\/index.php?rest_route=\/wp\/v2\/posts\/50083\/revisions\/50090"}],"wp:featuredmedia":[{"embeddable":true,"href":"https:\/\/zonaroja.com.mx\/index.php?rest_route=\/wp\/v2\/media\/50088"}],"wp:attachment":[{"href":"https:\/\/zonaroja.com.mx\/index.php?rest_route=%2Fwp%2Fv2%2Fmedia&parent=50083"}],"wp:term":[{"taxonomy":"category","embeddable":true,"href":"https:\/\/zonaroja.com.mx\/index.php?rest_route=%2Fwp%2Fv2%2Fcategories&post=50083"},{"taxonomy":"post_tag","embeddable":true,"href":"https:\/\/zonaroja.com.mx\/index.php?rest_route=%2Fwp%2Fv2%2Ftags&post=50083"}],"curies":[{"name":"wp","href":"https:\/\/api.w.org\/{rel}","templated":true}]}}