{"id":50091,"date":"2023-01-05T18:20:55","date_gmt":"2023-01-06T00:20:55","guid":{"rendered":"http:\/\/www.zonaroja.com.mx\/?p=50091"},"modified":"2023-01-05T18:20:57","modified_gmt":"2023-01-06T00:20:57","slug":"de-fast-track-congreso-de-oaxaca-aprueban-reformas-de-jara-cruz","status":"publish","type":"post","link":"https:\/\/zonaroja.com.mx\/?p=50091","title":{"rendered":"De \u201cfast track\u201d, Congreso de Oaxaca aprueban reformas de Jara Cruz"},"content":{"rendered":"\n<p>Yuridiana Sosa\/Zona Roja.<\/p>\n\n\n\n<p>Oaxaca de Ju\u00e1rez, Oax., 5 de enero de 2023.- De urgencia notoria y de obvia resoluci\u00f3n, la 65 Legislatura de Oaxaca aprob\u00f3 reformas presentadas por el gobernador Salom\u00f3n Jara Cruz, un d\u00eda antes a la sesi\u00f3n.<\/p>\n\n\n\n<p>Con 29 votos, los diputados -incluidos de la fracci\u00f3n parlamentaria del Partido Revolucionario Institucional- aprobaron la iniciativa del proyecto de decreto por el que Jara Cruz propuso \u201creformar diversas leyes que norman la actividad de organismo p\u00fablicos descentralizados de la administraci\u00f3n p\u00fablica\u201d.<\/p>\n\n\n\n<p>Previo a la decisi\u00f3n en la sesi\u00f3n ordinaria de este 4 de enero, los legisladores avalaron considerar la propuesta de urgencia notoria y de obvia resoluci\u00f3n para dispensar los tr\u00e1mites reglamentarios correspondientes. Posteriormente, se vot\u00f3 a favor de la reforma en lo general y particular.<\/p>\n\n\n\n<p>De acuerdo con copias del documento, apenas el 3 de enero la Secretar\u00eda de Servicios Parlamentarios de la 65 Legislatura recibi\u00f3 la propuesta del jefe del Poder Ejecutivo de Oaxaca.<\/p>\n\n\n\n<p>Pero las modificaciones s\u00f3lo fueron para cambiarle el nombre a algunos organismos, como es el caso de la Comisi\u00f3n Estatal del Agua (CEA) que ahora se llama Comisi\u00f3n Estatal del Agua para Bienestar (Ceabien).<\/p>\n\n\n\n<p>Caminos y Aeropistas de Oaxaca (CAO) ser\u00e1 a partir de ahora Caminos del Bienestar; en el Instituto de Cultura F\u00edsica y Deporte de Oaxaca, se nombrar\u00e1 Instituto del Deporte.<\/p>\n\n\n\n<p>Asimismo, la Coordinaci\u00f3n Estatal de Protecci\u00f3n Civil de Oaxaca (CEPCO) se conocer\u00e1 ahora como Coordinaci\u00f3n Estatal de Protecci\u00f3n Civil y<\/p>\n\n\n\n<p>Gesti\u00f3n de Riesgos de Oaxaca, en tanto que la Comisi\u00f3n Estatal de Vivienda, como Vivienda de Bienestar.<\/p>\n\n\n\n<p>En cuanto los Servicios de Alcantarillado y Agua Potable de Oaxaca (SAPAO), ahora se llama Sistema Operador de los Servicios de Agua Potable y Alcantarillado; el Instituto de la Funci\u00f3n Registral del Estado de Oaxaca pasa a ser el Instituto de la Funci\u00f3n Registral y por \u00faltimo y el Instituto Oaxaque\u00f1o de las Artesan\u00edas al Instituto para el Fomento y Protecci\u00f3n de las Artesan\u00edas.<\/p>\n\n\n\n<p>OTRO M\u00c1S<\/p>\n\n\n\n<p>Durante la sesi\u00f3n tambi\u00e9n se present\u00f3 y vot\u00f3 a favor del Proyecto de Decreto del Grupo Parlamentario del Partido Morena, que reforma la Ley de Fiscalizaci\u00f3n Superior y Rendici\u00f3n de Cuentas para el Estado de Oaxaca.<\/p>\n\n\n\n<p>Sin embargo, de acuerdo a la diputada del PRD, Ysabel Herrera Molina, dicha reforma representa \u201cuna broma al marco jur\u00eddico y a la inteligencia del Poder Legislativo\u201d.<\/p>\n\n\n\n<p>La legisladora resalt\u00f3 que la propuesta plante\u00f3 reformar 95 de los 108 art\u00edculos de dicha ley, pero en la mayor\u00eda del articulado s\u00f3lo se cambi\u00f3 el nombre de la instituci\u00f3n creada mediante el decreto 746 bajo el nombre de Auditor\u00eda Superior de Fiscalizaci\u00f3n del Estado de Oaxaca.<\/p>\n\n\n\n<p>Pero se deja vigente la normatividad secundaria a pesar que, supuestamente, el argumento para la reforma es que la instituci\u00f3n no hab\u00eda cumplido con su funci\u00f3n.<\/p>\n\n\n\n<p>\u201c\u00bfEn qu\u00e9 sentido consideran que en s\u00f3lo cambiar el nombre lo dotar\u00e1 de una mejor forma de hacer las cosas?2, cuestion\u00f3 la perredista, quien asegur\u00f3 que en ninguna parte del documento del proyecto se explica la urgencia y emergencia de su aprobaci\u00f3n.<\/p>\n\n\n\n<p>La sesi\u00f3n del mi\u00e9rcoles, la primera del 2023, inici\u00f3 con dos horas y media de retraso y la presencia de s\u00f3lo 30 legisladores.&nbsp;<\/p>\n","protected":false},"excerpt":{"rendered":"<p>Yuridiana Sosa\/Zona Roja. Oaxaca de Ju\u00e1rez, Oax., 5 de enero de 2023.- De urgencia notoria&hellip;<\/p>\n","protected":false},"author":2,"featured_media":50092,"comment_status":"closed","ping_status":"open","sticky":false,"template":"","format":"standard","meta":{"_lmt_disableupdate":"","_lmt_disable":"","_jetpack_memberships_contains_paid_content":false,"footnotes":""},"categories":[109,47],"tags":[2743],"class_list":["post-50091","post","type-post","status-publish","format-standard","has-post-thumbnail","hentry","category-minuto-a-minuto","category-zona-gris","tag-65-legislatura-del-estado-de-oaxaca"],"jetpack_featured_media_url":"https:\/\/zonaroja.com.mx\/wp-content\/uploads\/2023\/01\/Sesion-Congreso-de-Oaxaca-diputados.jpeg","jetpack_sharing_enabled":true,"_links":{"self":[{"href":"https:\/\/zonaroja.com.mx\/index.php?rest_route=\/wp\/v2\/posts\/50091","targetHints":{"allow":["GET"]}}],"collection":[{"href":"https:\/\/zonaroja.com.mx\/index.php?rest_route=\/wp\/v2\/posts"}],"about":[{"href":"https:\/\/zonaroja.com.mx\/index.php?rest_route=\/wp\/v2\/types\/post"}],"author":[{"embeddable":true,"href":"https:\/\/zonaroja.com.mx\/index.php?rest_route=\/wp\/v2\/users\/2"}],"replies":[{"embeddable":true,"href":"https:\/\/zonaroja.com.mx\/index.php?rest_route=%2Fwp%2Fv2%2Fcomments&post=50091"}],"version-history":[{"count":1,"href":"https:\/\/zonaroja.com.mx\/index.php?rest_route=\/wp\/v2\/posts\/50091\/revisions"}],"predecessor-version":[{"id":50093,"href":"https:\/\/zonaroja.com.mx\/index.php?rest_route=\/wp\/v2\/posts\/50091\/revisions\/50093"}],"wp:featuredmedia":[{"embeddable":true,"href":"https:\/\/zonaroja.com.mx\/index.php?rest_route=\/wp\/v2\/media\/50092"}],"wp:attachment":[{"href":"https:\/\/zonaroja.com.mx\/index.php?rest_route=%2Fwp%2Fv2%2Fmedia&parent=50091"}],"wp:term":[{"taxonomy":"category","embeddable":true,"href":"https:\/\/zonaroja.com.mx\/index.php?rest_route=%2Fwp%2Fv2%2Fcategories&post=50091"},{"taxonomy":"post_tag","embeddable":true,"href":"https:\/\/zonaroja.com.mx\/index.php?rest_route=%2Fwp%2Fv2%2Ftags&post=50091"}],"curies":[{"name":"wp","href":"https:\/\/api.w.org\/{rel}","templated":true}]}}