{"id":50099,"date":"2023-01-05T18:58:39","date_gmt":"2023-01-06T00:58:39","guid":{"rendered":"http:\/\/www.zonaroja.com.mx\/?p=50099"},"modified":"2023-01-05T18:58:41","modified_gmt":"2023-01-06T00:58:41","slug":"inadmisible-que-oaxaca-siga-con-altos-niveles-de-violencia-contra-mujeres-mbt","status":"publish","type":"post","link":"https:\/\/zonaroja.com.mx\/?p=50099","title":{"rendered":"Inadmisible, que Oaxaca siga con altos niveles de violencia contra mujeres: MBT"},"content":{"rendered":"\n<p>Redacci\u00f3n\/Zona Roja.<\/p>\n\n\n\n<p>Oaxaca de Ju\u00e1rez, Oax., a 5 de enero de 2023.-&nbsp;\u201cNo hay que olvidar que Oaxaca, desafortunadamente, en 2022 ocup\u00f3 el quinto lugar en feminicidios a nivel nacional y el octavo en homicidios dolosos.&nbsp;<\/p>\n\n\n\n<p>\u201cEs imperdonable esta situaci\u00f3n, es insoportable la cifra, y por supuesto que el Congreso se va a sumar con las autoridades para dar respuesta a esta situaci\u00f3n\u201d.<\/p>\n\n\n\n<p>As\u00ed lo estableci\u00f3 la diputada local Mariana Ben\u00edtez Tiburcio, al presentar ante el pleno una reforma a la Ley Estatal de Acceso de las Mujeres a una Vida Libre de Violencia de G\u00e9nero, con el objetivo de fortalecer y clarificar las funciones de las instituciones gubernamentales responsables de las pol\u00edticas y acciones para erradicar la violencia en contra de las mujeres.&nbsp;<\/p>\n\n\n\n<p>En su tribuna, la legisladora oaxaque\u00f1a precis\u00f3 que esta iniciativa propone dotar de atribuciones e incorporar instituciones estrat\u00e9gicas al Sistema Estatal para la Prevenci\u00f3n, Atenci\u00f3n, Sanci\u00f3n y Erradicaci\u00f3n de la Violencia de G\u00e9nero (PASEVGM), responsable de articular a los \u00f3rganos de los tres poderes de gobierno que protegen y salvaguardan a las mujeres oaxaque\u00f1as.<\/p>\n\n\n\n<p>\u201cActualmente este sistema no cuenta con las facultades claras para atender los factores de riesgo para las mujeres que son generados por situaciones como la desigualdad laboral, el acoso sexual en el transporte p\u00fablico, la impunidad y la situaci\u00f3n de pobreza, entre otras\u201d, remarc\u00f3.<\/p>\n\n\n\n<p>La diputada local dijo que se \u201cdebe dotar de dientes al Sistema, porque existe la queja de que los convenios y acuerdos no se cumplen por parte de las autoridades, por eso se propone que sean vinculantes para las instituciones que los suscriban\u201d.&nbsp;<\/p>\n\n\n\n<p>Enfatiz\u00f3 que con esta propuesta, el PASEVGM, contar\u00e1 con facultades para establecer pol\u00edticas p\u00fablicas estrat\u00e9gicas y diferenciadas para atender las causas estructurales de la violencia contra las mujeres.<\/p>\n\n\n\n<figure class=\"wp-block-embed is-type-rich is-provider-twitter wp-block-embed-twitter\"><div class=\"wp-block-embed__wrapper\">\n<div class=\"twitter-tweet\"><blockquote class=\"twitter-tweet\" data-lang=\"es\"><p lang=\"es\" dir=\"ltr\">Tras lamentar la ola de feminicidios y homicidios dolosos en <a href=\"https:\/\/twitter.com\/hashtag\/Oaxaca?src=hash&amp;ref_src=twsrc%5Etfw\">#Oaxaca<\/a>, la diputada <a href=\"https:\/\/twitter.com\/marianabenitezt?ref_src=twsrc%5Etfw\">@marianabenitezt<\/a> present\u00f3 hoy en sesi\u00f3n del <a href=\"https:\/\/twitter.com\/CongresoOaxaca_?ref_src=twsrc%5Etfw\">@CongresoOaxaca_<\/a> una iniciativa de reformas a la Ley Estatal de Acceso de las Mujeres a una Vida Libre de Violencia de G\u00e9nero. <a href=\"https:\/\/t.co\/HT9zJDQzEo\">pic.twitter.com\/HT9zJDQzEo<\/a><\/p>&mdash; Zona Roja Oaxaca (@ZonaRoja_Oaxaca) <a href=\"https:\/\/twitter.com\/ZonaRoja_Oaxaca\/status\/1610790452327841796?ref_src=twsrc%5Etfw\">5 de enero de 2023<\/a><\/blockquote><\/div>\n<\/div><\/figure>\n\n\n\n<p>&nbsp;En este contexto, la diputada local se\u00f1al\u00f3 que durante 2022, la entidad ocup\u00f3 el quinto lugar en feminicidios a nivel nacional con 44 casos cometidos en 15 municipios, y se coloc\u00f3 en el octavo lugar en homicidios dolosos de mujeres en el pa\u00eds con 144 casos.<\/p>\n\n\n\n<p>Por tal raz\u00f3n, hizo un llamado urgente al Congreso oaxaque\u00f1o para que legisle a favor de un sistema que verdaderamente sirva y funcione para el prop\u00f3sito que fue creado.&nbsp;<\/p>\n\n\n\n<p>De igual manera, la diputada local Mariana Ben\u00edtez, a\u00f1adi\u00f3 que esta reforma tambi\u00e9n plantea la regulaci\u00f3n de los Comit\u00e9s de Prevenci\u00f3n, Atenci\u00f3n, Protecci\u00f3n Legal y Acceso a la Justicia de las Mujeres.<\/p>\n\n\n\n<p>\u201cLos comit\u00e9s no tienen bien definidos sus objetivos, funciones e integrantes en la Ley Estatal de Acceso de las Mujeres a una Vida Libre de Violencia de G\u00e9nero, sino que \u00fanicamente se encuentran enunciados en el reglamento; por ello propongo que su regulaci\u00f3n quede claramente definida en la ley para no haya excusas ni pretextos por parte de las autoridades para hacer su trabajo\u201d, asent\u00f3.&nbsp;<\/p>\n\n\n\n<p>Cabe destacar que bajo esta reforma se integrar\u00edan al Sistema Estatal la Secretar\u00eda de Bienestar, Tequio, Inclusi\u00f3n y Fomento Cooperativo; el Tribunal Electoral del Estado de Oaxaca; la Secretar\u00eda Ejecutiva del Sistema Local de Protecci\u00f3n de Ni\u00f1as, Ni\u00f1os y Adolescentes; el Secretariado Ejecutivo del Sistema Estatal de Seguridad P\u00fablica; la Secretar\u00eda de Infraestructuras y Comunicaciones; la Secretar\u00eda de Desarrollo Econ\u00f3mico; la Secretar\u00eda del Trabajo; la Secretar\u00eda de Educaci\u00f3n P\u00fablica y la Direcci\u00f3n General de Poblaci\u00f3n de Oaxaca.<\/p>\n","protected":false},"excerpt":{"rendered":"<p>Redacci\u00f3n\/Zona Roja. Oaxaca de Ju\u00e1rez, Oax., a 5 de enero de 2023.-&nbsp;\u201cNo hay que olvidar&hellip;<\/p>\n","protected":false},"author":2,"featured_media":50100,"comment_status":"closed","ping_status":"open","sticky":false,"template":"","format":"standard","meta":{"_lmt_disableupdate":"","_lmt_disable":"","_jetpack_memberships_contains_paid_content":false,"footnotes":""},"categories":[109,46],"tags":[2969],"class_list":["post-50099","post","type-post","status-publish","format-standard","has-post-thumbnail","hentry","category-minuto-a-minuto","category-zona-blanca","tag-mariana-benitez-tiburcio"],"jetpack_featured_media_url":"https:\/\/zonaroja.com.mx\/wp-content\/uploads\/2023\/01\/Mariana-Benitez-T.jpg","jetpack_sharing_enabled":true,"_links":{"self":[{"href":"https:\/\/zonaroja.com.mx\/index.php?rest_route=\/wp\/v2\/posts\/50099","targetHints":{"allow":["GET"]}}],"collection":[{"href":"https:\/\/zonaroja.com.mx\/index.php?rest_route=\/wp\/v2\/posts"}],"about":[{"href":"https:\/\/zonaroja.com.mx\/index.php?rest_route=\/wp\/v2\/types\/post"}],"author":[{"embeddable":true,"href":"https:\/\/zonaroja.com.mx\/index.php?rest_route=\/wp\/v2\/users\/2"}],"replies":[{"embeddable":true,"href":"https:\/\/zonaroja.com.mx\/index.php?rest_route=%2Fwp%2Fv2%2Fcomments&post=50099"}],"version-history":[{"count":1,"href":"https:\/\/zonaroja.com.mx\/index.php?rest_route=\/wp\/v2\/posts\/50099\/revisions"}],"predecessor-version":[{"id":50101,"href":"https:\/\/zonaroja.com.mx\/index.php?rest_route=\/wp\/v2\/posts\/50099\/revisions\/50101"}],"wp:featuredmedia":[{"embeddable":true,"href":"https:\/\/zonaroja.com.mx\/index.php?rest_route=\/wp\/v2\/media\/50100"}],"wp:attachment":[{"href":"https:\/\/zonaroja.com.mx\/index.php?rest_route=%2Fwp%2Fv2%2Fmedia&parent=50099"}],"wp:term":[{"taxonomy":"category","embeddable":true,"href":"https:\/\/zonaroja.com.mx\/index.php?rest_route=%2Fwp%2Fv2%2Fcategories&post=50099"},{"taxonomy":"post_tag","embeddable":true,"href":"https:\/\/zonaroja.com.mx\/index.php?rest_route=%2Fwp%2Fv2%2Ftags&post=50099"}],"curies":[{"name":"wp","href":"https:\/\/api.w.org\/{rel}","templated":true}]}}