{"id":50102,"date":"2023-01-05T20:24:21","date_gmt":"2023-01-06T02:24:21","guid":{"rendered":"http:\/\/www.zonaroja.com.mx\/?p=50102"},"modified":"2023-01-05T20:24:23","modified_gmt":"2023-01-06T02:24:23","slug":"mientras-directivo-de-pemex-visita-oaxaca-se-registra-otra-fuga-de-combustible","status":"publish","type":"post","link":"https:\/\/zonaroja.com.mx\/?p=50102","title":{"rendered":"Mientras directivo de Pemex visita Oaxaca, se registra otra fuga de combustible"},"content":{"rendered":"\n<p>Redacci\u00f3n\/Zona Roja.<\/p>\n\n\n\n<p>Oaxaca de Ju\u00e1rez, Oax., 5 de enero de 2022.- Mientras un alto directivo de Petr\u00f3leos Mexicanos visitaba Oaxaca, en el municipio de Salina Cruz se registr\u00f3 una en\u00e9sima fuga de combustible en ductos de la empresa del Estado.<\/p>\n\n\n\n<p>Se trata de un derrame de Combust\u00f3leo Pesado Cope, que fue detectado desde la madrugada de este jueves, en la colonia Linda Vista, proveniente de la refiner\u00eda \u201cIng. Antonio Doval\u00ed Jaime\u201d.<\/p>\n\n\n\n<p>Ello alarm\u00f3 e irrit\u00f3 a los vecinos de la zona, pues no es la \u00fanica vez que ocurre una fuga de combustibles en dicha estaci\u00f3n de refinamiento de hidrocarburos.<\/p>\n\n\n\n<p>Supuestamente personal de Pemex acudi\u00f3 a verificar y atender el derrame, aunque hasta esta hora no hay reportes de que se haya contenido.<\/p>\n\n\n\n<p>Mientras tanto, este jueves al mediod\u00eda estuvo en el Palacio de Gobierno un directivo de las oficinas centrales de Pemex, quien se reuni\u00f3 con el gobernador Salom\u00f3n Jara y los afectados del municipio de Mat\u00edas Romero, tras la fuga de amoniaco de un ducto de Pemex, el pasado 9 de diciembre.<\/p>\n\n\n\n<p>Sin embargo, hasta el momento el encuentro se ha mantenido en el hermetismo, a petici\u00f3n de Petr\u00f3leos Mexicanos, debido a que en la reuni\u00f3n los habitantes de las agencias, principalmente de Donaj\u00ed, expresaron sus inconformidades por la tardanza de la instituci\u00f3n para atender y resolver el derrame.<\/p>\n\n\n\n<p>Asimismo, porque hasta ahora no ha habido los suficientes apoyos para los damnificados y para atender la grave contaminaci\u00f3n en flora y fauna.<\/p>\n","protected":false},"excerpt":{"rendered":"<p>Redacci\u00f3n\/Zona Roja. Oaxaca de Ju\u00e1rez, Oax., 5 de enero de 2022.- Mientras un alto directivo&hellip;<\/p>\n","protected":false},"author":2,"featured_media":50098,"comment_status":"closed","ping_status":"open","sticky":false,"template":"","format":"standard","meta":{"_lmt_disableupdate":"","_lmt_disable":"","_jetpack_memberships_contains_paid_content":false,"footnotes":""},"categories":[109,47],"tags":[874,168],"class_list":["post-50102","post","type-post","status-publish","format-standard","has-post-thumbnail","hentry","category-minuto-a-minuto","category-zona-gris","tag-petroleos-mexicanos-pemex","tag-salina-cruz"],"jetpack_featured_media_url":"https:\/\/zonaroja.com.mx\/wp-content\/uploads\/2023\/01\/Fuga-Pemex-Salina-Cruz.jpeg","jetpack_sharing_enabled":true,"_links":{"self":[{"href":"https:\/\/zonaroja.com.mx\/index.php?rest_route=\/wp\/v2\/posts\/50102","targetHints":{"allow":["GET"]}}],"collection":[{"href":"https:\/\/zonaroja.com.mx\/index.php?rest_route=\/wp\/v2\/posts"}],"about":[{"href":"https:\/\/zonaroja.com.mx\/index.php?rest_route=\/wp\/v2\/types\/post"}],"author":[{"embeddable":true,"href":"https:\/\/zonaroja.com.mx\/index.php?rest_route=\/wp\/v2\/users\/2"}],"replies":[{"embeddable":true,"href":"https:\/\/zonaroja.com.mx\/index.php?rest_route=%2Fwp%2Fv2%2Fcomments&post=50102"}],"version-history":[{"count":1,"href":"https:\/\/zonaroja.com.mx\/index.php?rest_route=\/wp\/v2\/posts\/50102\/revisions"}],"predecessor-version":[{"id":50103,"href":"https:\/\/zonaroja.com.mx\/index.php?rest_route=\/wp\/v2\/posts\/50102\/revisions\/50103"}],"wp:featuredmedia":[{"embeddable":true,"href":"https:\/\/zonaroja.com.mx\/index.php?rest_route=\/wp\/v2\/media\/50098"}],"wp:attachment":[{"href":"https:\/\/zonaroja.com.mx\/index.php?rest_route=%2Fwp%2Fv2%2Fmedia&parent=50102"}],"wp:term":[{"taxonomy":"category","embeddable":true,"href":"https:\/\/zonaroja.com.mx\/index.php?rest_route=%2Fwp%2Fv2%2Fcategories&post=50102"},{"taxonomy":"post_tag","embeddable":true,"href":"https:\/\/zonaroja.com.mx\/index.php?rest_route=%2Fwp%2Fv2%2Ftags&post=50102"}],"curies":[{"name":"wp","href":"https:\/\/api.w.org\/{rel}","templated":true}]}}