{"id":50104,"date":"2023-01-05T21:23:58","date_gmt":"2023-01-06T03:23:58","guid":{"rendered":"http:\/\/www.zonaroja.com.mx\/?p=50104"},"modified":"2023-01-05T21:24:00","modified_gmt":"2023-01-06T03:24:00","slug":"no-cesan-los-crimenes-en-la-4t-oaxaquena-ahora-fue-en-juchatengo","status":"publish","type":"post","link":"https:\/\/zonaroja.com.mx\/?p=50104","title":{"rendered":"No cesan los cr\u00edmenes en la 4T oaxaque\u00f1a: ahora fue en Juchatengo"},"content":{"rendered":"\n<p>Ismael Garc\u00eda M.\/Zona Roja.<\/p>\n\n\n\n<p>Oaxaca de Ju\u00e1rez, Oax., a 5 de enero de 2023.- Los cr\u00edmenes cotidianos no cesan en Oaxaca.<\/p>\n\n\n\n<p>Este jueves confirmaron el asesinato a balazos de un individuo, de oficio carnicero, en el municipio de San Pedro Juchatengo, identificado como Pablo Emiliano D. J., de 47 a\u00f1os de edad.<\/p>\n\n\n\n<p>De acuerdo con reportes policiacos, el cuerpo fue levantado anoche por personal de la Fiscal\u00eda General del Estado de Oaxaca, tras el crimen perpetrado en un domicilio del Barrio de la Cruz de dicho municipio de la regi\u00f3n Costa.<\/p>\n\n\n\n<p>Fue en una miscel\u00e1nea ubicada en la carretera tramo Juchatengo-El Vidrio, a la altura del kil\u00f3metro 130, en que sujetos armados ultimaron al comerciante.<\/p>\n\n\n\n<p>En el lugar las autoridades municipales hallaron casquillos percutidos de arma calibre 9 mil\u00edmetros, adem\u00e1s de asegurar un veh\u00edculo de la marca Kia, sin placas de circulaci\u00f3n.<\/p>\n","protected":false},"excerpt":{"rendered":"<p>Ismael Garc\u00eda M.\/Zona Roja. Oaxaca de Ju\u00e1rez, Oax., a 5 de enero de 2023.- Los&hellip;<\/p>\n","protected":false},"author":2,"featured_media":48155,"comment_status":"closed","ping_status":"open","sticky":false,"template":"","format":"standard","meta":{"_lmt_disableupdate":"","_lmt_disable":"","_jetpack_memberships_contains_paid_content":false,"footnotes":""},"categories":[109,51],"tags":[3378],"class_list":["post-50104","post","type-post","status-publish","format-standard","has-post-thumbnail","hentry","category-minuto-a-minuto","category-zona-roja","tag-san-pedro-juchatengo"],"jetpack_featured_media_url":"https:\/\/zonaroja.com.mx\/wp-content\/uploads\/2022\/11\/Asesinatos-violencia-ejecucion-homicidio-escena.jpg","jetpack_sharing_enabled":true,"_links":{"self":[{"href":"https:\/\/zonaroja.com.mx\/index.php?rest_route=\/wp\/v2\/posts\/50104","targetHints":{"allow":["GET"]}}],"collection":[{"href":"https:\/\/zonaroja.com.mx\/index.php?rest_route=\/wp\/v2\/posts"}],"about":[{"href":"https:\/\/zonaroja.com.mx\/index.php?rest_route=\/wp\/v2\/types\/post"}],"author":[{"embeddable":true,"href":"https:\/\/zonaroja.com.mx\/index.php?rest_route=\/wp\/v2\/users\/2"}],"replies":[{"embeddable":true,"href":"https:\/\/zonaroja.com.mx\/index.php?rest_route=%2Fwp%2Fv2%2Fcomments&post=50104"}],"version-history":[{"count":1,"href":"https:\/\/zonaroja.com.mx\/index.php?rest_route=\/wp\/v2\/posts\/50104\/revisions"}],"predecessor-version":[{"id":50105,"href":"https:\/\/zonaroja.com.mx\/index.php?rest_route=\/wp\/v2\/posts\/50104\/revisions\/50105"}],"wp:featuredmedia":[{"embeddable":true,"href":"https:\/\/zonaroja.com.mx\/index.php?rest_route=\/wp\/v2\/media\/48155"}],"wp:attachment":[{"href":"https:\/\/zonaroja.com.mx\/index.php?rest_route=%2Fwp%2Fv2%2Fmedia&parent=50104"}],"wp:term":[{"taxonomy":"category","embeddable":true,"href":"https:\/\/zonaroja.com.mx\/index.php?rest_route=%2Fwp%2Fv2%2Fcategories&post=50104"},{"taxonomy":"post_tag","embeddable":true,"href":"https:\/\/zonaroja.com.mx\/index.php?rest_route=%2Fwp%2Fv2%2Ftags&post=50104"}],"curies":[{"name":"wp","href":"https:\/\/api.w.org\/{rel}","templated":true}]}}