{"id":50109,"date":"2023-01-05T22:26:54","date_gmt":"2023-01-06T04:26:54","guid":{"rendered":"http:\/\/www.zonaroja.com.mx\/?p=50109"},"modified":"2023-01-05T22:26:56","modified_gmt":"2023-01-06T04:26:56","slug":"se-burlan-ambulantes-de-neri-sin-permiso-se-instalan-por-reyes","status":"publish","type":"post","link":"https:\/\/zonaroja.com.mx\/?p=50109","title":{"rendered":"Se burlan ambulantes de Neri; sin permiso se instalan por Reyes"},"content":{"rendered":"\n<p>Ismael Garc\u00eda M.\/Zona Roja.<\/p>\n\n\n\n<p>Oaxaca de Ju\u00e1rez, Oax., a 5 de enero de 2023.- \u201cHa sido costumbre de estas personas, y as\u00ed lo valoramos, instalarse en estos d\u00edas. El a\u00f1o pasado ocurri\u00f3 una cosa similar, no se otorg\u00f3 permiso.&nbsp;<\/p>\n\n\n\n<p>\u201cSe dijo, \u2018bueno, ha sido una costumbre ampliar nuestras potencialidades de comercializaci\u00f3n, dijimos, bueno, vamos cuidando unas cosas\u2026 No hay un permiso expr\u00e9s, pero con estas consideraciones se est\u00e1 operando\u201d.<\/p>\n\n\n\n<p>Esa fue la respuesta del presidente municipal de Oaxaca de Ju\u00e1rez, Francisco Mart\u00ednez Neri, ante la irregular instalaci\u00f3n de un tianguis de juguetes, desde ayer, en la avenida Central de la capital, entre el Mercado de Abasto y la Central de Abasto.<\/p>\n\n\n\n<p>Este jueves, en sesi\u00f3n de Cabildo, el propio regidor de Mercados, Ismael Cruz Gayt\u00e1n, reconoci\u00f3 durante la asamblea que los comerciantes informales no metieron solicitud de permiso para instalarse, por lo tanto no hubo permiso.<\/p>\n\n\n\n<figure class=\"wp-block-embed is-type-rich is-provider-twitter wp-block-embed-twitter\"><div class=\"wp-block-embed__wrapper\">\n<div class=\"twitter-tweet\"><blockquote class=\"twitter-tweet\" data-lang=\"es\"><p lang=\"es\" dir=\"ltr\">Y as\u00ed reconoci\u00f3 el edil del <a href=\"https:\/\/twitter.com\/MunicipioOaxaca?ref_src=twsrc%5Etfw\">@MunicipioOaxaca<\/a>, <a href=\"https:\/\/twitter.com\/FMartinezNeri?ref_src=twsrc%5Etfw\">@FMartinezNeri<\/a>, que no tienen permiso los vendedores del tianguis de juguetes por D\u00eda de Reyes; \u201cfue por tradici\u00f3n\u201d, acepta. <br>Aceptar tambi\u00e9n violencia e inseguridad en la capital. <a href=\"https:\/\/t.co\/gXiJ29Kcu4\">pic.twitter.com\/gXiJ29Kcu4<\/a><\/p>&mdash; Zona Roja Oaxaca (@ZonaRoja_Oaxaca) <a href=\"https:\/\/twitter.com\/ZonaRoja_Oaxaca\/status\/1611123347395604480?ref_src=twsrc%5Etfw\">5 de enero de 2023<\/a><\/blockquote><\/div>\n<\/div><\/figure>\n\n\n\n<p>Pero adem\u00e1s, el concejal de Morena intent\u00f3 ingresar a la orden del d\u00eda una propuesta para que se aprobara, v\u00eda r\u00e1pida, un permiso para instalar 11 puestos en el centro de la ciudad, con motivo del D\u00eda de Reyes; tras una discusi\u00f3n al inicio de la sesi\u00f3n, fue desechada la petici\u00f3n.<\/p>\n\n\n\n<p>En entrevista colectiva, Mart\u00ednez Neri defendi\u00f3 la operaci\u00f3n del comercio irregular \u2014como lo ha hecho otras ocasiones\u2014, pese a que no cuentan con permiso para instalarse.&nbsp;<\/p>\n\n\n\n<p>En la temporada decembrina y las fiestas religiosas, los ambulantes tambi\u00e9n impusieron sus condiciones, entre ellas la colocaci\u00f3n de juegos mec\u00e1nicos.<\/p>\n\n\n\n<p>\u201cYo creo que siendo muy claros, hay esa necesidad de que el municipio retome ese liderazgo, esa autoridad en el manejo del comercio. Hay desde luego un rejuego de fuerzas y eso es indudable, en donde nosotros tenemos que trabajar con cautela, generando acuerdos por un lado, con las personas que tienen intereses en el manejo de estos asuntos, pero por otra parte tambi\u00e9n legislando.<\/p>\n\n\n\n<p>\u201cEl a\u00f1o pasado, tuvimos la necesidad de establecer lineamientos m\u00e1s de fondo para poder resolver este problema; esto tenemos que hacerlo necesariamente, porque al no haber lineamientos se da lugar a este tipo de cuestiones\u201d, justific\u00f3 el edil, surgido del Partido Morena.<\/p>\n\n\n\n<figure class=\"wp-block-embed is-type-rich is-provider-twitter wp-block-embed-twitter\"><div class=\"wp-block-embed__wrapper\">\n<div class=\"twitter-tweet\"><blockquote class=\"twitter-tweet\" data-lang=\"es\"><p lang=\"es\" dir=\"ltr\">1. Desde ayer, en la avenida Central de la ciudad de <a href=\"https:\/\/twitter.com\/hashtag\/Oaxaca?src=hash&amp;ref_src=twsrc%5Etfw\">#Oaxaca<\/a>, se instalaron puestos de ventas de juguetes con motivo del D\u00eda de Reyes.<br>Sin embargo, no cuenta con la autorizaci\u00f3n del Cabildo\u2026 <a href=\"https:\/\/t.co\/smvJk8mvCM\">pic.twitter.com\/smvJk8mvCM<\/a><\/p>&mdash; Zona Roja Oaxaca (@ZonaRoja_Oaxaca) <a href=\"https:\/\/twitter.com\/ZonaRoja_Oaxaca\/status\/1611102952508489728?ref_src=twsrc%5Etfw\">5 de enero de 2023<\/a><\/blockquote><\/div>\n<\/div><\/figure>\n","protected":false},"excerpt":{"rendered":"<p>Ismael Garc\u00eda M.\/Zona Roja. Oaxaca de Ju\u00e1rez, Oax., a 5 de enero de 2023.- \u201cHa&hellip;<\/p>\n","protected":false},"author":2,"featured_media":50110,"comment_status":"closed","ping_status":"open","sticky":false,"template":"","format":"standard","meta":{"_lmt_disableupdate":"","_lmt_disable":"","_jetpack_memberships_contains_paid_content":false,"footnotes":""},"categories":[109,47],"tags":[2418,148],"class_list":["post-50109","post","type-post","status-publish","format-standard","has-post-thumbnail","hentry","category-minuto-a-minuto","category-zona-gris","tag-francisco-martinez-neri","tag-oaxaca-de-juarez"],"jetpack_featured_media_url":"https:\/\/zonaroja.com.mx\/wp-content\/uploads\/2023\/01\/Tianguis-Reyes-Oaxaca.jpg","jetpack_sharing_enabled":true,"_links":{"self":[{"href":"https:\/\/zonaroja.com.mx\/index.php?rest_route=\/wp\/v2\/posts\/50109","targetHints":{"allow":["GET"]}}],"collection":[{"href":"https:\/\/zonaroja.com.mx\/index.php?rest_route=\/wp\/v2\/posts"}],"about":[{"href":"https:\/\/zonaroja.com.mx\/index.php?rest_route=\/wp\/v2\/types\/post"}],"author":[{"embeddable":true,"href":"https:\/\/zonaroja.com.mx\/index.php?rest_route=\/wp\/v2\/users\/2"}],"replies":[{"embeddable":true,"href":"https:\/\/zonaroja.com.mx\/index.php?rest_route=%2Fwp%2Fv2%2Fcomments&post=50109"}],"version-history":[{"count":1,"href":"https:\/\/zonaroja.com.mx\/index.php?rest_route=\/wp\/v2\/posts\/50109\/revisions"}],"predecessor-version":[{"id":50111,"href":"https:\/\/zonaroja.com.mx\/index.php?rest_route=\/wp\/v2\/posts\/50109\/revisions\/50111"}],"wp:featuredmedia":[{"embeddable":true,"href":"https:\/\/zonaroja.com.mx\/index.php?rest_route=\/wp\/v2\/media\/50110"}],"wp:attachment":[{"href":"https:\/\/zonaroja.com.mx\/index.php?rest_route=%2Fwp%2Fv2%2Fmedia&parent=50109"}],"wp:term":[{"taxonomy":"category","embeddable":true,"href":"https:\/\/zonaroja.com.mx\/index.php?rest_route=%2Fwp%2Fv2%2Fcategories&post=50109"},{"taxonomy":"post_tag","embeddable":true,"href":"https:\/\/zonaroja.com.mx\/index.php?rest_route=%2Fwp%2Fv2%2Ftags&post=50109"}],"curies":[{"name":"wp","href":"https:\/\/api.w.org\/{rel}","templated":true}]}}