{"id":50112,"date":"2023-01-06T07:21:43","date_gmt":"2023-01-06T13:21:43","guid":{"rendered":"http:\/\/www.zonaroja.com.mx\/?p=50112"},"modified":"2023-01-06T07:21:46","modified_gmt":"2023-01-06T13:21:46","slug":"regalo-para-biden-detencion-de-ovidio-deja-multiples-narcobloqueos-y-7-muertos","status":"publish","type":"post","link":"https:\/\/zonaroja.com.mx\/?p=50112","title":{"rendered":"Regalo para Biden: detenci\u00f3n de Ovidio deja m\u00faltiples \u201cnarcobloqueos\u201d y 7 muertos"},"content":{"rendered":"\n<p>Redacci\u00f3n\/Zona Roja Cdmx.<\/p>\n\n\n\n<p>Ciudad de M\u00e9xico, a 6 de enero de 2023.- En v\u00edsperas de la llegada del Presidente de Estados Unidos a M\u00e9xico, Joe Biden autoridades estatales y federales capturaron a Ovidio Guzm\u00e1n L\u00f3pez y abatieron a Francisco Pi\u00f1\u00f3n de la Cruz, \u201cEl Neto\u201d, en dos hechos distintos.<\/p>\n\n\n\n<p>La reaprehensi\u00f3n del hijo de Joaqu\u00edn Guzm\u00e1n Loaera, \u201cEl Chapo\u201d, ocurri\u00f3 a las 06:20 horas de ayer jueves en el estado de Sinaloa, con saldo final de una veintena de bloqueos, unos 250 veh\u00edculos robados, siete muertos, entre ellos un coronel y 29 lesionados.<\/p>\n\n\n\n<p>Los enfrentamientos de elementos de las fuerzas estatales y federales, entre ellos la Marina, Ej\u00e9rcito Mexicano y Guardia Nacional, duraron alrededor de 12 horas y Ovidio Guzm\u00e1n fue detenido luego de que hace tres a\u00f1os, tras ser capturado, el Presidente Andr\u00e9s Manuel L\u00f3pez Obrador orden\u00f3 su liberaci\u00f3n \u201cpara evitar una masacre\u201d.<\/p>\n\n\n\n<p>El saldo, de acuerdo con el Gobierno del Estado de Sinaloa, fueron al menos 12 enfrentamientos entre fuerzas policiacas y presuntos sicarios, con 29 personas lesionadas; 13 polic\u00edas estatales, 8 elementos federales y 8 civiles, algunos de ellos de gravedad, adem\u00e1s de siete muertos, entre ellos el coronel Juan Jos\u00e9 Moreno Orz\u00faa y cuatro de sus escoltas.<\/p>\n\n\n\n<p>Hasta la tarde de ayer se hab\u00edan contabilizado 19 bloqueos&nbsp; carreteros en Culiac\u00e1n, tres en Los Mochis y seis hacia la zona sur, incluyendo tramos carreteros y afuera del aeropuerto de Culiac\u00e1n.<\/p>\n\n\n\n<p>Para realizar los bloqueos en las principales carreteras y vialidades, los grupos armados despojaron a sus due\u00f1os de alrededor de 250 unidades, y algunas de ellas fueron incendiadas.\u00a0<\/p>\n\n\n\n<figure class=\"wp-block-embed is-type-rich is-provider-twitter wp-block-embed-twitter\"><div class=\"wp-block-embed__wrapper\">\n<div class=\"twitter-tweet\"><blockquote class=\"twitter-tweet\" data-lang=\"es\"><p lang=\"es\" dir=\"ltr\"><a href=\"https:\/\/twitter.com\/hashtag\/%C3%9AltimoMinuto?src=hash&amp;ref_src=twsrc%5Etfw\">#\u00daltimoMinuto<\/a><br>Presunta detenci\u00f3n de Ovidio Guzm\u00e1n, hijo de \u201cEl Chapo\u201d, desata ola de \u201cnarcoterror\u201d en Sinaloa. <a href=\"https:\/\/t.co\/f2D0JvBjPg\">pic.twitter.com\/f2D0JvBjPg<\/a><\/p>&mdash; Zona Roja Oaxaca (@ZonaRoja_Oaxaca) <a href=\"https:\/\/twitter.com\/ZonaRoja_Oaxaca\/status\/1611040007720169473?ref_src=twsrc%5Etfw\">5 de enero de 2023<\/a><\/blockquote><\/div>\n<\/div><\/figure>\n\n\n\n<p>Durante el d\u00eda, tambi\u00e9n se registr\u00f3 un conato de fuga en el penal de Culiac\u00e1n, pero la situaci\u00f3n fue controlada.<\/p>\n\n\n\n<p>Tambi\u00e9n fueron suspendidos los vuelos en los principales aeropuertos del estado, las l\u00edneas de autobuses cancelaron sus rutas y los unidades del transporte p\u00fablico no ofrecieron servicios.<\/p>\n\n\n\n<p>En el operativo participaron al menos 800 efectivos castrenses e inici\u00f3 en la sindicatura Jes\u00fas Mar\u00eda, de Culiac\u00e1n, donde fue hallado Ovidio Guzm\u00e1n.<\/p>\n\n\n\n<p>Tras la captura fue trasladado v\u00eda a\u00e9rea a la Ciudad de M\u00e9xico y despu\u00e9s al penal del Altiplano, en el Estado de M\u00e9xico.<\/p>\n\n\n\n<p>El presunto criminal es requerido desde 2008 por Estados Unidos y cuya b\u00fasqueda fue reactivada en 2021, cuando el gobierno de Joe Biden ofreci\u00f3 una recompensa de cinco millones de d\u00f3lares por datos para su captura con fines de extradici\u00f3n.<\/p>\n\n\n\n<p>Guzm\u00e1n L\u00f3pez, de 32 a\u00f1os, ya hab\u00eda sido detenido en octubre de 2019, pero fue liberado de inmediato por orden del Presidente Andr\u00e9s Manuel L\u00f3pez Obrador para evitar una reacci\u00f3n violenta que afectara a la poblaci\u00f3n.<\/p>\n\n\n\n<p>Junto con sus hermanos Iv\u00e1n Archivaldo y Jes\u00fas Alfredo, Ovidio es considerado un objetivo fundamental para la justicia estadounidense, pues el C\u00e1rtel de Sinaloa que encabezan es considerado uno de los principales introductores de fentanilo a aquel pa\u00eds, cuyo consumo ha causado m\u00e1s de 100 mil muertes anuales por sobredosis en estadounidenses.<\/p>\n\n\n\n<figure class=\"wp-block-embed is-type-rich is-provider-twitter wp-block-embed-twitter\"><div class=\"wp-block-embed__wrapper\">\n<div class=\"twitter-tweet\"><blockquote class=\"twitter-tweet\" data-lang=\"es\"><p lang=\"es\" dir=\"ltr\"><a href=\"https:\/\/twitter.com\/hashtag\/%C3%9AltimoMinuto?src=hash&amp;ref_src=twsrc%5Etfw\">#\u00daltimoMinuto<\/a><br>Dos aviones, uno de la Fuerza A\u00e9rea Mexicana y otro de l\u00ednea comercial, han sido rafagueados esta ma\u00f1ana en Culiac\u00e1n, <a href=\"https:\/\/twitter.com\/hashtag\/Sinaloa?src=hash&amp;ref_src=twsrc%5Etfw\">#Sinaloa<\/a>, tras la detenci\u00f3n de Ovidio Guzm\u00e1n; no hay v\u00edctimas. <a href=\"https:\/\/t.co\/G6HfJFCJhI\">pic.twitter.com\/G6HfJFCJhI<\/a><\/p>&mdash; Zona Roja Oaxaca (@ZonaRoja_Oaxaca) <a href=\"https:\/\/twitter.com\/ZonaRoja_Oaxaca\/status\/1611059579806449665?ref_src=twsrc%5Etfw\">5 de enero de 2023<\/a><\/blockquote><\/div>\n<\/div><figcaption> L\u00f3pez<\/figcaption><\/figure>\n\n\n\n<p>Ovidio enfrenta una orden de detenci\u00f3n provisional con fines de extradici\u00f3n girada el 6 de julio de 2018 por la Corte Federal del Distrito de Columbia en Washington, por tr\u00e1fico de coca\u00edna, metanfetamina y mariguana.<\/p>\n\n\n\n<p>No obstante, el Secretario de Relaciones Exteriores, Marcelo Ebrard, neg\u00f3 que el proceso de extradici\u00f3n contra Ovidio Guzm\u00e1n se resuelva en una operaci\u00f3n en fast track y advirti\u00f3 que tiene cuentas pendientes con la justicia mexicana.<\/p>\n\n\n\n<p>Por otra parte, ayer en Ciudad Juarez, fue hallado y recapturado Francisco Pi\u00f1\u00f3n, quien junto con otros 29 reos fueron rescatados con violencia el pasado domingo de un reclusorio estatal; sin embargo tras la persecuci\u00f3n de \u00abEl Neto\u00bb, fue abatido por fuerzas policiacas.<\/p>\n\n\n\n<p>(Informaci\u00f3n de agencias nacionales)<\/p>\n","protected":false},"excerpt":{"rendered":"<p>Redacci\u00f3n\/Zona Roja Cdmx. Ciudad de M\u00e9xico, a 6 de enero de 2023.- En v\u00edsperas de&hellip;<\/p>\n","protected":false},"author":2,"featured_media":50113,"comment_status":"closed","ping_status":"open","sticky":false,"template":"","format":"standard","meta":{"_lmt_disableupdate":"","_lmt_disable":"","_jetpack_memberships_contains_paid_content":false,"footnotes":""},"categories":[109,46],"tags":[887],"class_list":["post-50112","post","type-post","status-publish","format-standard","has-post-thumbnail","hentry","category-minuto-a-minuto","category-zona-blanca","tag-ovidio-guzman-lopez"],"jetpack_featured_media_url":"https:\/\/zonaroja.com.mx\/wp-content\/uploads\/2023\/01\/Ovidio-Guzman-detenido.jpeg","jetpack_sharing_enabled":true,"_links":{"self":[{"href":"https:\/\/zonaroja.com.mx\/index.php?rest_route=\/wp\/v2\/posts\/50112","targetHints":{"allow":["GET"]}}],"collection":[{"href":"https:\/\/zonaroja.com.mx\/index.php?rest_route=\/wp\/v2\/posts"}],"about":[{"href":"https:\/\/zonaroja.com.mx\/index.php?rest_route=\/wp\/v2\/types\/post"}],"author":[{"embeddable":true,"href":"https:\/\/zonaroja.com.mx\/index.php?rest_route=\/wp\/v2\/users\/2"}],"replies":[{"embeddable":true,"href":"https:\/\/zonaroja.com.mx\/index.php?rest_route=%2Fwp%2Fv2%2Fcomments&post=50112"}],"version-history":[{"count":1,"href":"https:\/\/zonaroja.com.mx\/index.php?rest_route=\/wp\/v2\/posts\/50112\/revisions"}],"predecessor-version":[{"id":50114,"href":"https:\/\/zonaroja.com.mx\/index.php?rest_route=\/wp\/v2\/posts\/50112\/revisions\/50114"}],"wp:featuredmedia":[{"embeddable":true,"href":"https:\/\/zonaroja.com.mx\/index.php?rest_route=\/wp\/v2\/media\/50113"}],"wp:attachment":[{"href":"https:\/\/zonaroja.com.mx\/index.php?rest_route=%2Fwp%2Fv2%2Fmedia&parent=50112"}],"wp:term":[{"taxonomy":"category","embeddable":true,"href":"https:\/\/zonaroja.com.mx\/index.php?rest_route=%2Fwp%2Fv2%2Fcategories&post=50112"},{"taxonomy":"post_tag","embeddable":true,"href":"https:\/\/zonaroja.com.mx\/index.php?rest_route=%2Fwp%2Fv2%2Ftags&post=50112"}],"curies":[{"name":"wp","href":"https:\/\/api.w.org\/{rel}","templated":true}]}}