{"id":50118,"date":"2023-01-06T09:53:00","date_gmt":"2023-01-06T15:53:00","guid":{"rendered":"http:\/\/www.zonaroja.com.mx\/?p=50118"},"modified":"2023-01-06T07:55:09","modified_gmt":"2023-01-06T13:55:09","slug":"al-igual-que-lo-hizo-murat-salomon-jara-promete-terminar-supercarretera-a-la-costa","status":"publish","type":"post","link":"https:\/\/zonaroja.com.mx\/?p=50118","title":{"rendered":"Al igual que lo hizo Murat, Salom\u00f3n Jara promete terminar supercarretera a la Costa"},"content":{"rendered":"\n<p>Redacci\u00f3n\/Zona Roja.<\/p>\n\n\n\n<p>Oaxaca de Ju\u00e1rez, Oax., 6 de enero de 2023.- Al igual que lo hiciera en su momento Alejandro Murat Hinojosa, el gobernador morenista de Oaxaca prometi\u00f3 que en seis meses quedar\u00eda concluida la supercarretera Oaxaca-Costa, tramo Barranca Larga-Ventanilla.<\/p>\n\n\n\n<p>Sin embargo, a un mes y seis d\u00edas de iniciado su mandato, hasta el momento la Secretar\u00eda de Gobierno no ha establecido ninguna comunicaci\u00f3n con autoridades y pobladores de San Vicente Coatl\u00e1n, uno de los principales opositores a la obra.<\/p>\n\n\n\n<p>Durante el programa \u201cJueves de Gozona\u201d del canal 9 de televisi\u00f3n, el mandatario anunci\u00f3 que dialogar\u00e1 con los grupos que han mostrado resistencia a la conclusi\u00f3n de la obra carretera.<\/p>\n\n\n\n<p>\u201cSe tiene que concluir la carretera Barranca Larga-Ventanilla, tengo inter\u00e9s de dialogar con las comunidades, porque espero que sea en este a\u00f1o cuando se concluya\u201d, dijo.<\/p>\n\n\n\n<p>En reiteradas ocasiones durante su mandato, el priista Alejandro Murat prometi\u00f3 que se terminar\u00eda la supercarretera citada, que comunica a los Valles Centrales con la Costa, principalmente en beneficio de los destinos tur\u00edsticos de Puerto Escondido, Puerto \u00c1ngel y Huatulco.<\/p>\n\n\n\n<p>Incluso, casi al finalizar su sexenio, dijo que ya estaba concluida la obra; semanas atr\u00e1s, junto con su esposa y sus hijos, la familia difundi\u00f3 un video en que realiz\u00f3 un recorrido por dicha vialidad, pasando por tramos de terracer\u00eda.&nbsp;<\/p>\n\n\n\n<p>Encarg\u00f3 al entonces secretario General de Gobierno, Francisco Garc\u00eda L\u00f3pez, el di\u00e1logo con Coatl\u00e1n, cuya petici\u00f3n principal es finiquitar pero a su favor, la disputa agraria que tiene con Villa Sola de Vega; sin embargo ninguna reuni\u00f3n fructific\u00f3.<\/p>\n\n\n\n<p>En tanto que el Presidente Andr\u00e9s Manuel L\u00f3pez Obrador al visitar la zona, se reuni\u00f3 con pobladores y autoridades y responsabiliz\u00f3 al director del Instituto Nacional de Pueblos Ind\u00edgenas, Adelfo Regino Montes, el di\u00e1logo y los acuerdos.<\/p>\n\n\n\n<p>Ninguno prosper\u00f3 y tanto la supercarretera a la Costa como la del Istmo, siguen inconclusas.<\/p>\n\n\n\n<p>\u201cEl titular del Poder Ejecutivo dijo que la conclusi\u00f3n de la supercarretera a la Costa, forma parte de una serie de proyectos que contribuir\u00e1n al desarrollo de Oaxaca\u201d, dijo ayer el Gobierno del Estado a trav\u00e9s de un comunicado.<\/p>\n\n\n\n<p>Sin embargo, no ha habido acercamiento con las autoridades de Coatl\u00e1n y no hay avances en la problem\u00e1tica agraria con Sola de Vega.<\/p>\n","protected":false},"excerpt":{"rendered":"<p>Redacci\u00f3n\/Zona Roja. Oaxaca de Ju\u00e1rez, Oax., 6 de enero de 2023.- Al igual que lo&hellip;<\/p>\n","protected":false},"author":2,"featured_media":40633,"comment_status":"closed","ping_status":"open","sticky":false,"template":"","format":"standard","meta":{"_lmt_disableupdate":"","_lmt_disable":"","_jetpack_memberships_contains_paid_content":false,"footnotes":""},"categories":[109,47],"tags":[939],"class_list":["post-50118","post","type-post","status-publish","format-standard","has-post-thumbnail","hentry","category-minuto-a-minuto","category-zona-gris","tag-salomon-jara-cruz"],"jetpack_featured_media_url":"https:\/\/zonaroja.com.mx\/wp-content\/uploads\/2022\/04\/Supercarretera-a-la-Costa-obra.jpg","jetpack_sharing_enabled":true,"_links":{"self":[{"href":"https:\/\/zonaroja.com.mx\/index.php?rest_route=\/wp\/v2\/posts\/50118","targetHints":{"allow":["GET"]}}],"collection":[{"href":"https:\/\/zonaroja.com.mx\/index.php?rest_route=\/wp\/v2\/posts"}],"about":[{"href":"https:\/\/zonaroja.com.mx\/index.php?rest_route=\/wp\/v2\/types\/post"}],"author":[{"embeddable":true,"href":"https:\/\/zonaroja.com.mx\/index.php?rest_route=\/wp\/v2\/users\/2"}],"replies":[{"embeddable":true,"href":"https:\/\/zonaroja.com.mx\/index.php?rest_route=%2Fwp%2Fv2%2Fcomments&post=50118"}],"version-history":[{"count":1,"href":"https:\/\/zonaroja.com.mx\/index.php?rest_route=\/wp\/v2\/posts\/50118\/revisions"}],"predecessor-version":[{"id":50119,"href":"https:\/\/zonaroja.com.mx\/index.php?rest_route=\/wp\/v2\/posts\/50118\/revisions\/50119"}],"wp:featuredmedia":[{"embeddable":true,"href":"https:\/\/zonaroja.com.mx\/index.php?rest_route=\/wp\/v2\/media\/40633"}],"wp:attachment":[{"href":"https:\/\/zonaroja.com.mx\/index.php?rest_route=%2Fwp%2Fv2%2Fmedia&parent=50118"}],"wp:term":[{"taxonomy":"category","embeddable":true,"href":"https:\/\/zonaroja.com.mx\/index.php?rest_route=%2Fwp%2Fv2%2Fcategories&post=50118"},{"taxonomy":"post_tag","embeddable":true,"href":"https:\/\/zonaroja.com.mx\/index.php?rest_route=%2Fwp%2Fv2%2Ftags&post=50118"}],"curies":[{"name":"wp","href":"https:\/\/api.w.org\/{rel}","templated":true}]}}