{"id":50120,"date":"2023-01-06T08:55:00","date_gmt":"2023-01-06T14:55:00","guid":{"rendered":"http:\/\/www.zonaroja.com.mx\/?p=50120"},"modified":"2023-01-06T09:41:05","modified_gmt":"2023-01-06T15:41:05","slug":"permiten-funcionarios-de-salomon-jara-evasion-de-un-reo-los-cesan","status":"publish","type":"post","link":"https:\/\/zonaroja.com.mx\/?p=50120","title":{"rendered":"Permiten funcionarios de Salom\u00f3n Jara evasi\u00f3n de un reo; los cesan"},"content":{"rendered":"\n<p>Redacci\u00f3n\/Zona Roja.<\/p>\n\n\n\n<p>Oaxaca de Ju\u00e1rez, Oax., a 6 de enero de 2023.- Dos funcionarios del gobierno de Salom\u00f3n Jara cRuz permitieron la evasi\u00f3n de un reo en el Centro de Reinserci\u00f3n Social Tanivet, en Tlacolula de Matamoros, Oaxaca.<\/p>\n\n\n\n<p>Se trata del director del penal, Ra\u00fal Plat\u00f3n del Cueto Morales, y la directora jur\u00eddica, Alejandra Palacios, quienes ten\u00eda una orden de aprehensi\u00f3n pendiente de ejecutar, estaba dada de alta la petici\u00f3n en el sistema penitenciario y pese a lo cual autorizaron la liberaci\u00f3n.<\/p>\n\n\n\n<p>Omar Hugo M. A., logr\u00f3 su libertad por la causa penal 55\/2015, el 21 de diciembre, tras la determinaci\u00f3n del juez mixto de Primera Instancia con sede en Huautla de Jim\u00e9nez.<\/p>\n\n\n\n<p>Sin embargo, en el sistema penitencario no actualizaron que en la causa penal 02\/2015 hab\u00edan obtenido libertad en un amparo, pero durante la revisi\u00f3n se le libr\u00f3 la orden de aprehensi\u00f3n y estaba vigente, por lo cual la falta de coordinaci\u00f3n con la Fiscal\u00eda General del Estado origin\u00f3 que no se percataron y le dieron libertad.<\/p>\n\n\n\n<p>Omar Hugo M.A., es originario de Eloxochitl\u00e1n de Flores Mag\u00f3n y presuntamente particip\u00f3 junto con otras personas, en 2015, en el homicidio de Manuel Zepeda, y tambi\u00e9n intent\u00f3 asesinar a la hermana Elisa Zepeda \u2014hoy funcionaria del Gobierno del Estado\u2014 y a su madre que result\u00f3 herida, adem\u00e1s del incendio a la casa y otros da\u00f1os causado por el grupo de Jaime Betanzos Fuentes.<\/p>\n\n\n\n<p>Sin embargo, la orden de aprehensi\u00f3n qued\u00f3 sin ejecutar, en tanto Omar Hugo fue liberado<\/p>\n\n\n\n<p>Por lo anterior, ambos funcionarios fueron cesados; no obstante, la Secretar\u00eda de Seguridad P\u00fablica de Oaxaca, al mando del marino Iv\u00e1n Garc\u00eda, no ha dado a conocer si se les iniciar\u00e1n investigaciones para proceder penalmente.<\/p>\n\n\n\n<p>De acuerdo con reportes informativos, Ra\u00fal Plat\u00f3n del Cueto fue se\u00f1alado de tener alguna responsabilidad luego del mot\u00edn en el penal de La Toma en Amatl\u00e1n de los Reyes, en el estado de Veracruz, donde el 2 de abril del 2018 hubo un mot\u00edn y mataron a siete polic\u00edas y hubo decenas de internos heridos.<\/p>\n","protected":false},"excerpt":{"rendered":"<p>Redacci\u00f3n\/Zona Roja. Oaxaca de Ju\u00e1rez, Oax., a 6 de enero de 2023.- Dos funcionarios del&hellip;<\/p>\n","protected":false},"author":2,"featured_media":24072,"comment_status":"closed","ping_status":"open","sticky":false,"template":"","format":"standard","meta":{"_lmt_disableupdate":"","_lmt_disable":"","_jetpack_memberships_contains_paid_content":false,"footnotes":""},"categories":[109,47],"tags":[],"class_list":["post-50120","post","type-post","status-publish","format-standard","has-post-thumbnail","hentry","category-minuto-a-minuto","category-zona-gris"],"jetpack_featured_media_url":"https:\/\/zonaroja.com.mx\/wp-content\/uploads\/2021\/02\/Reclusorio-Tanivet.jpg","jetpack_sharing_enabled":true,"_links":{"self":[{"href":"https:\/\/zonaroja.com.mx\/index.php?rest_route=\/wp\/v2\/posts\/50120","targetHints":{"allow":["GET"]}}],"collection":[{"href":"https:\/\/zonaroja.com.mx\/index.php?rest_route=\/wp\/v2\/posts"}],"about":[{"href":"https:\/\/zonaroja.com.mx\/index.php?rest_route=\/wp\/v2\/types\/post"}],"author":[{"embeddable":true,"href":"https:\/\/zonaroja.com.mx\/index.php?rest_route=\/wp\/v2\/users\/2"}],"replies":[{"embeddable":true,"href":"https:\/\/zonaroja.com.mx\/index.php?rest_route=%2Fwp%2Fv2%2Fcomments&post=50120"}],"version-history":[{"count":1,"href":"https:\/\/zonaroja.com.mx\/index.php?rest_route=\/wp\/v2\/posts\/50120\/revisions"}],"predecessor-version":[{"id":50121,"href":"https:\/\/zonaroja.com.mx\/index.php?rest_route=\/wp\/v2\/posts\/50120\/revisions\/50121"}],"wp:featuredmedia":[{"embeddable":true,"href":"https:\/\/zonaroja.com.mx\/index.php?rest_route=\/wp\/v2\/media\/24072"}],"wp:attachment":[{"href":"https:\/\/zonaroja.com.mx\/index.php?rest_route=%2Fwp%2Fv2%2Fmedia&parent=50120"}],"wp:term":[{"taxonomy":"category","embeddable":true,"href":"https:\/\/zonaroja.com.mx\/index.php?rest_route=%2Fwp%2Fv2%2Fcategories&post=50120"},{"taxonomy":"post_tag","embeddable":true,"href":"https:\/\/zonaroja.com.mx\/index.php?rest_route=%2Fwp%2Fv2%2Ftags&post=50120"}],"curies":[{"name":"wp","href":"https:\/\/api.w.org\/{rel}","templated":true}]}}