{"id":50122,"date":"2023-01-06T09:45:00","date_gmt":"2023-01-06T15:45:00","guid":{"rendered":"http:\/\/www.zonaroja.com.mx\/?p=50122"},"modified":"2023-01-06T08:47:48","modified_gmt":"2023-01-06T14:47:48","slug":"saldo-de-la-detencion-de-ovidio-29-muertos-35-heridos-y-21-detenidos","status":"publish","type":"post","link":"https:\/\/zonaroja.com.mx\/?p=50122","title":{"rendered":"Saldo de la detenci\u00f3n de Ovidio: 29 muertos, 35 heridos y 21 detenidos"},"content":{"rendered":"\n<p>Redacci\u00f3n\/Zona Roja Cdmx.<\/p>\n\n\n\n<p>Ciudad de M\u00e9xico, a 6 de enero de 2023.- Luis Cresencio Sandoval, titular de la Secretar\u00eda de la Defensa Nacional (Sedena), inform\u00f3 que 10 militares murieron y 35 m\u00e1s resultaron heridos tras la recaptura el jueves del l\u00edder el C\u00e1rtel de Sinaloa, Ovidio Guzm\u00e1n L\u00f3pez, en una localidad de Culiac\u00e1n.<\/p>\n\n\n\n<p>En la conferencia matutina de Palacio Nacional, el secretario de la Defensa Nacional dio el parte de las acciones que derivaron en la recaptura del hijo de Joaqu\u00edn Chapo Guzm\u00e1n, quien ya se encuentra en el Centro Federal de Readaptaci\u00f3n Social (Cefereso) n\u00famero 1 Altiplano -conocido tambi\u00e9n como el penal de Almoloya-, ubicado en Estado de M\u00e9xico.<\/p>\n\n\n\n<p>Diez militares perdieron la vida en el cumplimiento de su deber, en aras de garantizar la seguridad de la ciudadan\u00eda y del pueblo sinaloense. El Estado mexicano brindar\u00e1 todo el apoyo a los deudos, realizando los honores f\u00fanebres de conformidad a lo establecido en el ceremonial militar\u201d, expuso.<\/p>\n\n\n\n<p>\u201c35 militares se encuentran lesionados por arma de fuego, a quienes se les est\u00e1 brindando la atenci\u00f3n m\u00e9dica hospitalaria. Hasta el momento no se tiene informaci\u00f3n de ning\u00fan civil inocente que haya perdido la vida\u201c, apunt\u00f3.<\/p>\n\n\n\n<p>Adem\u00e1s, tambi\u00e9n murieron 19 presuntos delincuentes, adem\u00e1s de que fueron detenidas 21 personas en el operativo del jueves.<\/p>\n\n\n\n<p>En cuanto al armamento, fueron decomisados 4 fusiles Barret calibre .50, 6 ametralladores calibre .50 y 7.62, 26 armas largas, 2 cortas, 111 cargadores abastecidos con cartuchos de diferentes calibres, 595 cartuchos de diferentes calibres, 2 chalecos antibalas, 13 autos asegurados y 40 veh\u00edculos inutilizados (26 blindados).<\/p>\n\n\n\n<p>Tambi\u00e9n fueron asegurados un total de 1.4 kilos de mariguana, 15 gramos de coca\u00edna y seis bolsas con pastillas de fentanilo.<\/p>\n\n\n\n<p>\u201cCon estas acciones el Ej\u00e9rcito, Fuerza A\u00e9rea y Guardia Nacional, reafirman la indeclinable decisi\u00f3n del Gobierno Federal or continuar actuando contra la delincuencia organizada, atendiendo las necesidad que la sociedad demanda y refrenda su compromiso de velar y salvaguardar el bienestar d los ciudadanos, garantizando la paz de las y los mexicanos en el pa\u00eds\u201d, dijo el general Sandoval.<\/p>\n\n\n\n<p>Este jueves, autoridades mexicanas capturaron a Ovidio Guzm\u00e1n,&nbsp;considerado uno de los l\u00edderes del Cartel de Sinaloa, lo que gener\u00f3 bloqueos viales, adem\u00e1s de enfrentamientos en diferentes puntos de Sinaloa, as\u00ed como veh\u00edculos incendiados y reportes de despojos de veh\u00edculos a civiles,&nbsp;lo que provoc\u00f3 que el estado se paralizara.<\/p>\n\n\n\n<p>El l\u00edder criminal fue trasladado a la&nbsp;Ciudad de M\u00e9xico&nbsp;Luego fue llevado al&nbsp;Centro Federal de Readaptaci\u00f3n Social&nbsp;(Cefereso)&nbsp;n\u00famero 1 Altiplano&nbsp;-conocido tambi\u00e9n como el&nbsp;penal de Almoloya-, ubicado en&nbsp;Estado de M\u00e9xico, donde fue recluido su padre,&nbsp;Joaqu\u00edn&nbsp;Chapo&nbsp;Guzm\u00e1n, y del que se fug\u00f3 en 2015.<\/p>\n\n\n\n<p>Guzm\u00e1n L\u00f3pez, junto a su hermano&nbsp;Joaqu\u00edn Guzm\u00e1n L\u00f3pez, es acusado en&nbsp;Estados Unidos&nbsp;por cargos de asociaci\u00f3n delictiva relacionados con drogas il\u00edcitas.<\/p>\n\n\n\n<p>De acuerdo con las autoridades estadounidenses, los hermanos se asociaron para distribuir coca\u00edna, metanfetaminas y marihuana en\u00a0Estados Unidos\u00a0entre 2008 y 2018.<\/p>\n\n\n\n<figure class=\"wp-block-embed is-type-rich is-provider-twitter wp-block-embed-twitter\"><div class=\"wp-block-embed__wrapper\">\n<div class=\"twitter-tweet\"><blockquote class=\"twitter-tweet\" data-lang=\"es\"><p lang=\"es\" dir=\"ltr\">2. Por su parte, el titular de la <a href=\"https:\/\/twitter.com\/SEDENAmx?ref_src=twsrc%5Etfw\">@SEDENAmx<\/a>, Luis Cresencio Sandoval, detall\u00f3 la forma en que se realiz\u00f3 el operativo ayer en Culiac\u00e1n, Sinaloa, y actualiz\u00f3 el saldo fatal: 19 fallecidos y 21 detenidos; ning\u00fan civil inocente muri\u00f3, dijo. <a href=\"https:\/\/t.co\/eGAhTk7sCE\">pic.twitter.com\/eGAhTk7sCE<\/a><\/p>&mdash; Zona Roja Oaxaca (@ZonaRoja_Oaxaca) <a href=\"https:\/\/twitter.com\/ZonaRoja_Oaxaca\/status\/1611363947697025024?ref_src=twsrc%5Etfw\">6 de enero de 2023<\/a><\/blockquote><\/div>\n<\/div><\/figure>\n\n\n\n<p>(Con informaci\u00f3n de L\u00f3pez-D\u00f3riga Digital)<\/p>\n","protected":false},"excerpt":{"rendered":"<p>Redacci\u00f3n\/Zona Roja Cdmx. Ciudad de M\u00e9xico, a 6 de enero de 2023.- Luis Cresencio Sandoval,&hellip;<\/p>\n","protected":false},"author":2,"featured_media":50123,"comment_status":"closed","ping_status":"open","sticky":false,"template":"","format":"standard","meta":{"_lmt_disableupdate":"","_lmt_disable":"","_jetpack_memberships_contains_paid_content":false,"footnotes":""},"categories":[109,47],"tags":[887],"class_list":["post-50122","post","type-post","status-publish","format-standard","has-post-thumbnail","hentry","category-minuto-a-minuto","category-zona-gris","tag-ovidio-guzman-lopez"],"jetpack_featured_media_url":"https:\/\/zonaroja.com.mx\/wp-content\/uploads\/2023\/01\/Sinaloa-Ovidio.jpeg","jetpack_sharing_enabled":true,"_links":{"self":[{"href":"https:\/\/zonaroja.com.mx\/index.php?rest_route=\/wp\/v2\/posts\/50122","targetHints":{"allow":["GET"]}}],"collection":[{"href":"https:\/\/zonaroja.com.mx\/index.php?rest_route=\/wp\/v2\/posts"}],"about":[{"href":"https:\/\/zonaroja.com.mx\/index.php?rest_route=\/wp\/v2\/types\/post"}],"author":[{"embeddable":true,"href":"https:\/\/zonaroja.com.mx\/index.php?rest_route=\/wp\/v2\/users\/2"}],"replies":[{"embeddable":true,"href":"https:\/\/zonaroja.com.mx\/index.php?rest_route=%2Fwp%2Fv2%2Fcomments&post=50122"}],"version-history":[{"count":1,"href":"https:\/\/zonaroja.com.mx\/index.php?rest_route=\/wp\/v2\/posts\/50122\/revisions"}],"predecessor-version":[{"id":50124,"href":"https:\/\/zonaroja.com.mx\/index.php?rest_route=\/wp\/v2\/posts\/50122\/revisions\/50124"}],"wp:featuredmedia":[{"embeddable":true,"href":"https:\/\/zonaroja.com.mx\/index.php?rest_route=\/wp\/v2\/media\/50123"}],"wp:attachment":[{"href":"https:\/\/zonaroja.com.mx\/index.php?rest_route=%2Fwp%2Fv2%2Fmedia&parent=50122"}],"wp:term":[{"taxonomy":"category","embeddable":true,"href":"https:\/\/zonaroja.com.mx\/index.php?rest_route=%2Fwp%2Fv2%2Fcategories&post=50122"},{"taxonomy":"post_tag","embeddable":true,"href":"https:\/\/zonaroja.com.mx\/index.php?rest_route=%2Fwp%2Fv2%2Ftags&post=50122"}],"curies":[{"name":"wp","href":"https:\/\/api.w.org\/{rel}","templated":true}]}}