{"id":50127,"date":"2023-01-06T13:49:00","date_gmt":"2023-01-06T19:49:00","guid":{"rendered":"http:\/\/www.zonaroja.com.mx\/?p=50127"},"modified":"2023-01-06T18:50:15","modified_gmt":"2023-01-07T00:50:15","slug":"pend2-3","status":"publish","type":"post","link":"https:\/\/zonaroja.com.mx\/?p=50127","title":{"rendered":"Festeja la Fundaci\u00f3n Pradillo&nbsp;a ni\u00f1as y ni\u00f1os por D\u00eda de Reyes"},"content":{"rendered":"\n<p>Redacci\u00f3n\/Zona Roja.<\/p>\n\n\n\n<p>Oaxaca de Ju\u00e1rez, Oax., a 6 de enero de 2023.- Voluntarios de la Fundaci\u00f3n Pradillo, en coordinaci\u00f3n con la agencia de Polic\u00eda de Guadalupe Victoria, festejaron el D\u00eda de Reyes con familias de Oaxaca de Ju\u00e1rez.&nbsp;<\/p>\n\n\n\n<p>Ni\u00f1as y ni\u00f1os del Infonavit 1 de Mayo, La Cascada, Fovissste, colonia Reforma, San Felipe del Agua, La Chigulera, Volcanes, 7 Regiones, Donaj\u00ed y San Luis Beltr\u00e1n, recibieron sus \u00abreyes\u00bb.&nbsp;<\/p>\n\n\n\n<p>La tarde de ayer, jueves 5 de enero, en las canchas de Guadalupe Victoria, decenas de menores partieron la tradicional Rosca de Reyes y se tomaron la foto del recuerdo con Melchor, Gaspar y Baltazar, adem\u00e1s de recibir un juguete.&nbsp;<\/p>\n\n\n\n<p>\u00abEstas actividades, ayudan a conservar la ilusi\u00f3n a muchos ni\u00f1os a los que no visitan los Reyes, por eso yo traje a mis vecinitos \u00bb, recalc\u00f3 la se\u00f1ora Carmen, habitante de la zona norte de Oaxaca de Ju\u00e1rez, quien acudi\u00f3 con cuatro ni\u00f1os que no disfrutaban del D\u00eda de Reyes.<\/p>\n\n\n\n<p>La voluntaria de la Fundaci\u00f3n Pradillo, Elizabeth Pradillo, se\u00f1al\u00f3 que es importante conservar nuestras tradiciones, y que mejor que en familia, por lo cual recalc\u00f3 que la Fundaci\u00f3n Pradillo, seguir\u00e1 apoyando a vecinos de la capital y de Santa Luc\u00eda del Camino.<\/p>\n\n\n\n<p>Finalmente, el voluntario, Abraham Cruz Garz\u00f3n, agradeci\u00f3, al agente del Ejido Guadalupe Victoria, Rolando Feliciano Garc\u00eda Mart\u00ednez por permitir que se trabajara en conjunto en beneficio de la ni\u00f1ez.<\/p>\n","protected":false},"excerpt":{"rendered":"<p>Redacci\u00f3n\/Zona Roja. Oaxaca de Ju\u00e1rez, Oax., a 6 de enero de 2023.- Voluntarios de la&hellip;<\/p>\n","protected":false},"author":2,"featured_media":50137,"comment_status":"closed","ping_status":"open","sticky":false,"template":"","format":"standard","meta":{"_lmt_disableupdate":"","_lmt_disable":"","_jetpack_memberships_contains_paid_content":false,"footnotes":""},"categories":[109,46],"tags":[2556],"class_list":["post-50127","post","type-post","status-publish","format-standard","has-post-thumbnail","hentry","category-minuto-a-minuto","category-zona-blanca","tag-fundacion-pradillo"],"jetpack_featured_media_url":"https:\/\/zonaroja.com.mx\/wp-content\/uploads\/2023\/01\/Festival-de-Reyes-Fundacion-Pradillo.jpg","jetpack_sharing_enabled":true,"_links":{"self":[{"href":"https:\/\/zonaroja.com.mx\/index.php?rest_route=\/wp\/v2\/posts\/50127","targetHints":{"allow":["GET"]}}],"collection":[{"href":"https:\/\/zonaroja.com.mx\/index.php?rest_route=\/wp\/v2\/posts"}],"about":[{"href":"https:\/\/zonaroja.com.mx\/index.php?rest_route=\/wp\/v2\/types\/post"}],"author":[{"embeddable":true,"href":"https:\/\/zonaroja.com.mx\/index.php?rest_route=\/wp\/v2\/users\/2"}],"replies":[{"embeddable":true,"href":"https:\/\/zonaroja.com.mx\/index.php?rest_route=%2Fwp%2Fv2%2Fcomments&post=50127"}],"version-history":[{"count":2,"href":"https:\/\/zonaroja.com.mx\/index.php?rest_route=\/wp\/v2\/posts\/50127\/revisions"}],"predecessor-version":[{"id":50138,"href":"https:\/\/zonaroja.com.mx\/index.php?rest_route=\/wp\/v2\/posts\/50127\/revisions\/50138"}],"wp:featuredmedia":[{"embeddable":true,"href":"https:\/\/zonaroja.com.mx\/index.php?rest_route=\/wp\/v2\/media\/50137"}],"wp:attachment":[{"href":"https:\/\/zonaroja.com.mx\/index.php?rest_route=%2Fwp%2Fv2%2Fmedia&parent=50127"}],"wp:term":[{"taxonomy":"category","embeddable":true,"href":"https:\/\/zonaroja.com.mx\/index.php?rest_route=%2Fwp%2Fv2%2Fcategories&post=50127"},{"taxonomy":"post_tag","embeddable":true,"href":"https:\/\/zonaroja.com.mx\/index.php?rest_route=%2Fwp%2Fv2%2Ftags&post=50127"}],"curies":[{"name":"wp","href":"https:\/\/api.w.org\/{rel}","templated":true}]}}