{"id":50133,"date":"2023-01-06T18:08:25","date_gmt":"2023-01-07T00:08:25","guid":{"rendered":"http:\/\/www.zonaroja.com.mx\/?p=50133"},"modified":"2023-01-06T18:08:27","modified_gmt":"2023-01-07T00:08:27","slug":"pemex-y-gobierno-de-oaxaca-confirman-compromisos-tras-hechos-en-donaji","status":"publish","type":"post","link":"https:\/\/zonaroja.com.mx\/?p=50133","title":{"rendered":"Pemex y gobierno de Oaxaca confirman compromisos, tras hechos en Donaj\u00ed"},"content":{"rendered":"\n<p>Redacci\u00f3n\/Zona Roja.<\/p>\n\n\n\n<p>Oaxaca de Ju\u00e1rez, Oax., a 6 de enero de 2023.- Funcionarios de Petr\u00f3leos Mexicanos (Pemex), entre ellos el director de Log\u00edstica, Javier Gonz\u00e1lez del Villar, se reunieron con autoridades estatales y municipales de Oaxaca, con el prop\u00f3sito de sumar esfuerzos en la atenci\u00f3n definitiva de la fuga de amoniaco presentada en el mes de diciembre del a\u00f1o pasado en la poblaci\u00f3n de Donaj\u00ed, del municipio de Mat\u00edas Romero, Oaxaca.<\/p>\n\n\n\n<p>Durante el di\u00e1logo celebrado entre las partes mencionadas, Pemex acord\u00f3 que a trav\u00e9s de la Unidad M\u00e9dica M\u00f3vil se otorgar\u00e1 atenci\u00f3n m\u00e9dica a pobladores de la regi\u00f3n; asimismo, se efectuar\u00e1 a la brevedad los trabajos de inspecci\u00f3n para determinar la integridad mec\u00e1nica de los ductos.<\/p>\n\n\n\n<p>Con el fin de reforzar la seguridad de la poblaci\u00f3n, se cubrir\u00e1n los costos de un Atlas de Riesgo de los municipios; se proporcionar\u00e1 un equipo Hazmat al Gobierno del Estado y se instalar\u00e1 un Grupo Regional de Atenci\u00f3n y Manejo de Emergencias (GRAME) del Istmo.<\/p>\n\n\n\n<p>Petr\u00f3leos Mexicanos mantiene una comunicaci\u00f3n abierta y constante con las autoridades municipales, estatales y federales, quienes colaboran en conjunto para una atenci\u00f3n pronta y segura en beneficio de la poblaci\u00f3n.<\/p>\n","protected":false},"excerpt":{"rendered":"<p>Redacci\u00f3n\/Zona Roja. Oaxaca de Ju\u00e1rez, Oax., a 6 de enero de 2023.- Funcionarios de Petr\u00f3leos&hellip;<\/p>\n","protected":false},"author":2,"featured_media":50134,"comment_status":"closed","ping_status":"open","sticky":false,"template":"","format":"standard","meta":{"_lmt_disableupdate":"","_lmt_disable":"","_jetpack_memberships_contains_paid_content":false,"footnotes":""},"categories":[109,46],"tags":[874],"class_list":["post-50133","post","type-post","status-publish","format-standard","has-post-thumbnail","hentry","category-minuto-a-minuto","category-zona-blanca","tag-petroleos-mexicanos-pemex"],"jetpack_featured_media_url":"https:\/\/zonaroja.com.mx\/wp-content\/uploads\/2023\/01\/Pemex-y-gobierno-de-Oaxaca.jpg","jetpack_sharing_enabled":true,"_links":{"self":[{"href":"https:\/\/zonaroja.com.mx\/index.php?rest_route=\/wp\/v2\/posts\/50133","targetHints":{"allow":["GET"]}}],"collection":[{"href":"https:\/\/zonaroja.com.mx\/index.php?rest_route=\/wp\/v2\/posts"}],"about":[{"href":"https:\/\/zonaroja.com.mx\/index.php?rest_route=\/wp\/v2\/types\/post"}],"author":[{"embeddable":true,"href":"https:\/\/zonaroja.com.mx\/index.php?rest_route=\/wp\/v2\/users\/2"}],"replies":[{"embeddable":true,"href":"https:\/\/zonaroja.com.mx\/index.php?rest_route=%2Fwp%2Fv2%2Fcomments&post=50133"}],"version-history":[{"count":1,"href":"https:\/\/zonaroja.com.mx\/index.php?rest_route=\/wp\/v2\/posts\/50133\/revisions"}],"predecessor-version":[{"id":50135,"href":"https:\/\/zonaroja.com.mx\/index.php?rest_route=\/wp\/v2\/posts\/50133\/revisions\/50135"}],"wp:featuredmedia":[{"embeddable":true,"href":"https:\/\/zonaroja.com.mx\/index.php?rest_route=\/wp\/v2\/media\/50134"}],"wp:attachment":[{"href":"https:\/\/zonaroja.com.mx\/index.php?rest_route=%2Fwp%2Fv2%2Fmedia&parent=50133"}],"wp:term":[{"taxonomy":"category","embeddable":true,"href":"https:\/\/zonaroja.com.mx\/index.php?rest_route=%2Fwp%2Fv2%2Fcategories&post=50133"},{"taxonomy":"post_tag","embeddable":true,"href":"https:\/\/zonaroja.com.mx\/index.php?rest_route=%2Fwp%2Fv2%2Ftags&post=50133"}],"curies":[{"name":"wp","href":"https:\/\/api.w.org\/{rel}","templated":true}]}}