{"id":5014,"date":"2019-10-21T18:39:43","date_gmt":"2019-10-21T23:39:43","guid":{"rendered":"http:\/\/www.zonaroja.com.mx\/?p=5014"},"modified":"2019-10-21T18:39:46","modified_gmt":"2019-10-21T23:39:46","slug":"oaxaqueno-gana-premio-nacional-de-la-juventud-2019-es-de-litigio-estrategico","status":"publish","type":"post","link":"https:\/\/zonaroja.com.mx\/?p=5014","title":{"rendered":"Oaxaque\u00f1o gana Premio Nacional de la Juventud 2019; es de Litigio Estrat\u00e9gico"},"content":{"rendered":"\n<p>Redacci\u00f3n\/Zona Roja.<\/p>\n\n\n\n<p>Oaxaca de Ju\u00e1rez, Oax., 21 de octubre\nde 2019.- Edgar Aldair P\u00e9rez Ortiz, ind\u00edgena zapoteco e integrante de Litigio\nEstrat\u00e9gico Ind\u00edgena A.C., fue galardonado hoy con el Premio Nacional de la\nJuventud 2019, en la categor\u00eda de \u201cProtecci\u00f3n al medio ambiente\u201d por su trabajo\nen el rescate de los r\u00edos \u201cSalado\u201d y \u201cAtoyac\u201d de Oaxaca.<\/p>\n\n\n\n<p>El Presidente de la Rep\u00fablica, Andr\u00e9s\nManuel L\u00f3pez Obrador, hizo entrega del reconocimiento en rueda de prensa desde\nPalacio Nacional, acompa\u00f1ado del director general del Instituto Mexicano de la\nJuventud (Imjuve), Guillermo Santiago Rodr\u00edguez.<\/p>\n\n\n\n<p>\u00abTransmitir todo lo que podemos\nhacer, siguiendo con la litigaci\u00f3n por el medio ambiente y por la protecci\u00f3n de\nla ciudad\u00bb fueron las palabras que expres\u00f3 durante su semblanza el joven\nP\u00e9rez Ortiz.<\/p>\n\n\n\n<p>La contaminaci\u00f3n de los afluentes\noaxaque\u00f1os, producto del vertimiento de aguas residuales a los r\u00edos \u201cAtoyac\u201d y \u201cSalado\u201d,\nque afectan al equilibrio ecol\u00f3gico de la ciudad de Oaxaca y zonas conurbadas,\nmotiv\u00f3 a la asociaci\u00f3n civil Litigio Estrat\u00e9gico Ind\u00edgena a buscar un mecanismo\npara obligar a las autoridades responsables al saneamiento y rescate de los r\u00edos.<\/p>\n\n\n\n<p>Edgar Aldair ha sido parte fundamental\nen toda la ruta jur\u00eddica que ha recorrido la asociaci\u00f3n civil en el juicio de\namparo para el rescate de los dos r\u00edos. <\/p>\n\n\n\n<p>Ahora con su trabajo, renace la\nesperanza de los habitantes del Valle de Oaxaca de ver los r\u00edos \u201cSalado\u201d y \u201cAtoyac\u201d\nrebosantes de agua limpia y cristalina y adem\u00e1s pone en el alto al estado de Oaxaca\npor tan noble labor.<\/p>\n\n\n\n<p>Luego de casi dos a\u00f1os de labor\njur\u00eddica, la sentencia de amparo dictada el 26 de marzo de 2018 genera en la\nsociedad la esperanza de salvar a los dos r\u00edos, hoy moribundos por la\ncontaminaci\u00f3n. <\/p>\n\n\n\n<p>El rescate de ambos r\u00edos beneficiara a\nmiles de ciudadanos que habitan en m\u00e1s de 40 municipios y localidades por los\nque corren los afluentes.<\/p>\n","protected":false},"excerpt":{"rendered":"<p>Redacci\u00f3n\/Zona Roja. Oaxaca de Ju\u00e1rez, Oax., 21 de octubre de 2019.- Edgar Aldair P\u00e9rez Ortiz,&hellip;<\/p>\n","protected":false},"author":2,"featured_media":5015,"comment_status":"closed","ping_status":"open","sticky":false,"template":"","format":"standard","meta":{"_lmt_disableupdate":"","_lmt_disable":"","_jetpack_memberships_contains_paid_content":false,"footnotes":""},"categories":[109,46],"tags":[898,897,896],"class_list":["post-5014","post","type-post","status-publish","format-standard","has-post-thumbnail","hentry","category-minuto-a-minuto","category-zona-blanca","tag-edgar-aldair-perez-ortiz","tag-litigio-estrategico-indigena","tag-premio-nacional-de-la-juventud"],"jetpack_featured_media_url":"https:\/\/zonaroja.com.mx\/wp-content\/uploads\/2019\/10\/bec9d276-ad09-4e62-ae8e-7a71077be3fe.jpg","jetpack_sharing_enabled":true,"_links":{"self":[{"href":"https:\/\/zonaroja.com.mx\/index.php?rest_route=\/wp\/v2\/posts\/5014","targetHints":{"allow":["GET"]}}],"collection":[{"href":"https:\/\/zonaroja.com.mx\/index.php?rest_route=\/wp\/v2\/posts"}],"about":[{"href":"https:\/\/zonaroja.com.mx\/index.php?rest_route=\/wp\/v2\/types\/post"}],"author":[{"embeddable":true,"href":"https:\/\/zonaroja.com.mx\/index.php?rest_route=\/wp\/v2\/users\/2"}],"replies":[{"embeddable":true,"href":"https:\/\/zonaroja.com.mx\/index.php?rest_route=%2Fwp%2Fv2%2Fcomments&post=5014"}],"version-history":[{"count":1,"href":"https:\/\/zonaroja.com.mx\/index.php?rest_route=\/wp\/v2\/posts\/5014\/revisions"}],"predecessor-version":[{"id":5016,"href":"https:\/\/zonaroja.com.mx\/index.php?rest_route=\/wp\/v2\/posts\/5014\/revisions\/5016"}],"wp:featuredmedia":[{"embeddable":true,"href":"https:\/\/zonaroja.com.mx\/index.php?rest_route=\/wp\/v2\/media\/5015"}],"wp:attachment":[{"href":"https:\/\/zonaroja.com.mx\/index.php?rest_route=%2Fwp%2Fv2%2Fmedia&parent=5014"}],"wp:term":[{"taxonomy":"category","embeddable":true,"href":"https:\/\/zonaroja.com.mx\/index.php?rest_route=%2Fwp%2Fv2%2Fcategories&post=5014"},{"taxonomy":"post_tag","embeddable":true,"href":"https:\/\/zonaroja.com.mx\/index.php?rest_route=%2Fwp%2Fv2%2Ftags&post=5014"}],"curies":[{"name":"wp","href":"https:\/\/api.w.org\/{rel}","templated":true}]}}