{"id":50142,"date":"2023-01-06T19:48:02","date_gmt":"2023-01-07T01:48:02","guid":{"rendered":"http:\/\/www.zonaroja.com.mx\/?p=50142"},"modified":"2023-01-06T19:48:04","modified_gmt":"2023-01-07T01:48:04","slug":"festeja-secretaria-de-administracion-a-ninos-oaxaquenos-por-dia-de-reyes","status":"publish","type":"post","link":"https:\/\/zonaroja.com.mx\/?p=50142","title":{"rendered":"Festeja Secretar\u00eda de Administraci\u00f3n a ni\u00f1os oaxaque\u00f1os por D\u00eda de Reyes"},"content":{"rendered":"\n<p>Redacci\u00f3n\/Zona Roja.<\/p>\n\n\n\n<p>Oaxaca de Ju\u00e1rez, Oax., a 6 de enero de 2023.- Con un magno festival realizado en la Ciudad de las Canteras, en Santa Mar\u00eda Ixcotel, la Secretar\u00eda de Administraci\u00f3n estatal festej\u00f3 a tal ni\u00f1ez oaxaque\u00f1a con motivo del D\u00eda de Reyes.<\/p>\n\n\n\n<p>El titular de la dependencia, Antonino Morales Toledo, acudi\u00f3 al lugar, acompa\u00f1ado de funcionarios, donde dio un mensaje de aliento a los peque\u00f1os a nombre del gobernador Salom\u00f3n Jara Cruz.<\/p>\n\n\n\n<p>Adem\u00e1s, presidi\u00f3 el inicio de la rifa de regalos entre ellos bicicletas, para los asistentes, a quienes tambi\u00e9n se les ofrecieron bocadillos y bebidas refrescantes.<\/p>\n\n\n\n<p>Morales Toledo recalc\u00f3 que la administraci\u00f3n estatal est\u00e1 comprometida con el bienestar no s\u00f3lo de las y los trabajadores, sino de toda la ni\u00f1ez oaxaque\u00f1a; en el festival, ni\u00f1as y ni\u00f1os disfrutaron de un espect\u00e1culo de payasos y de lucha libre.<\/p>\n\n\n\n<p>CON BASE TRABAJADORA<\/p>\n\n\n\n<p>Por otra parte, con la representaci\u00f3n del Gobernador del Estado, Salom\u00f3n Jara Cruz; el secretario de Administraci\u00f3n, Antonino Morales Toledo, hizo un llamado a la base trabajadora para seguir creando sinergias que contribuyan a un correcto desempe\u00f1o de labores que permitan brindar una mejor atenci\u00f3n a la poblaci\u00f3n.<\/p>\n\n\n\n<p>En una amena convivencia enmarcada en el tradicional D\u00eda de Reyes, el titular de la Secretar\u00eda de Administraci\u00f3n, manifest\u00f3 su benepl\u00e1cito por este encuentro que le permiti\u00f3 tambi\u00e9n refrendar el compromiso del Gobierno del Estado para consolidar una administraci\u00f3n p\u00fablica estatal incluyente y respetuosa.<\/p>\n\n\n\n<p>\u201cVamos a trabajar de manera eficiente como lo ha encomendado nuestro Gobernador Salom\u00f3n Jara; los invito a que cerremos filas para poder construir un mejor Oaxaca\u201d, dijo Morales Toledo durante este encuentro que tuvo lugar en el complejo de Ciudad Administrativa Benem\u00e9rito de las Am\u00e9ricas, y en donde el personal de esta dependencia parti\u00f3 la tradicional rosca de reyes.<\/p>\n\n\n\n<p>De esta manera, el Secretario de Administraci\u00f3n reconoci\u00f3 el compromiso y el esfuerzo que realizan las mujeres y hombres que integran el servicio p\u00fablico, aseverando que este acto tambi\u00e9n contribuye a reforzar la unidad, el compa\u00f1erismo y la fraternidad en cada una de las \u00e1reas.<\/p>\n\n\n\n<p>Finalmente, Morales Toledo, aprovech\u00f3 este momento para convocar a los trabajadores y trabajadoras del Gobierno del Estado a seguir rindiendo buenos resultados, y trabajar en equipo para alcanzar los objetivos que se tiene establecidos en este gobierno.<\/p>\n\n\n\n<figure class=\"wp-block-embed is-type-rich is-provider-twitter wp-block-embed-twitter\"><div class=\"wp-block-embed__wrapper\">\n<div class=\"twitter-tweet\"><blockquote class=\"twitter-tweet\" data-lang=\"es\"><p lang=\"es\" dir=\"ltr\"><a href=\"https:\/\/twitter.com\/hashtag\/%C3%9AltimoMinuto?src=hash&amp;ref_src=twsrc%5Etfw\">#\u00daltimoMinuto<\/a> <br>En la Ciudad de las Canteras, el titular de <a href=\"https:\/\/twitter.com\/Admon_GobOax?ref_src=twsrc%5Etfw\">@Admon_GobOax<\/a>, <a href=\"https:\/\/twitter.com\/Nino_Morales1?ref_src=twsrc%5Etfw\">@Nino_Morales1<\/a>, inaugura el festival con motivo del <a href=\"https:\/\/twitter.com\/hashtag\/DiaDeReyes?src=hash&amp;ref_src=twsrc%5Etfw\">#DiaDeReyes<\/a>.<br>A nombre del gobernador <a href=\"https:\/\/twitter.com\/salomonj?ref_src=twsrc%5Etfw\">@salomonj<\/a>, felicita a la ni\u00f1ez oaxaque\u00f1a. <a href=\"https:\/\/t.co\/rPoBluxrXt\">pic.twitter.com\/rPoBluxrXt<\/a><\/p>&mdash; Zona Roja Oaxaca (@ZonaRoja_Oaxaca) <a href=\"https:\/\/twitter.com\/ZonaRoja_Oaxaca\/status\/1611506477772181504?ref_src=twsrc%5Etfw\">6 de enero de 2023<\/a><\/blockquote><\/div>\n<\/div><\/figure>\n","protected":false},"excerpt":{"rendered":"<p>Redacci\u00f3n\/Zona Roja. Oaxaca de Ju\u00e1rez, Oax., a 6 de enero de 2023.- Con un magno&hellip;<\/p>\n","protected":false},"author":2,"featured_media":50141,"comment_status":"closed","ping_status":"open","sticky":false,"template":"","format":"standard","meta":{"_lmt_disableupdate":"","_lmt_disable":"","_jetpack_memberships_contains_paid_content":false,"footnotes":""},"categories":[109,46],"tags":[180],"class_list":["post-50142","post","type-post","status-publish","format-standard","has-post-thumbnail","hentry","category-minuto-a-minuto","category-zona-blanca","tag-antonino-morales-toledo"],"jetpack_featured_media_url":"https:\/\/zonaroja.com.mx\/wp-content\/uploads\/2023\/01\/Secretaria-de-Administracion-Festival-de-Ninos.jpg","jetpack_sharing_enabled":true,"_links":{"self":[{"href":"https:\/\/zonaroja.com.mx\/index.php?rest_route=\/wp\/v2\/posts\/50142","targetHints":{"allow":["GET"]}}],"collection":[{"href":"https:\/\/zonaroja.com.mx\/index.php?rest_route=\/wp\/v2\/posts"}],"about":[{"href":"https:\/\/zonaroja.com.mx\/index.php?rest_route=\/wp\/v2\/types\/post"}],"author":[{"embeddable":true,"href":"https:\/\/zonaroja.com.mx\/index.php?rest_route=\/wp\/v2\/users\/2"}],"replies":[{"embeddable":true,"href":"https:\/\/zonaroja.com.mx\/index.php?rest_route=%2Fwp%2Fv2%2Fcomments&post=50142"}],"version-history":[{"count":1,"href":"https:\/\/zonaroja.com.mx\/index.php?rest_route=\/wp\/v2\/posts\/50142\/revisions"}],"predecessor-version":[{"id":50143,"href":"https:\/\/zonaroja.com.mx\/index.php?rest_route=\/wp\/v2\/posts\/50142\/revisions\/50143"}],"wp:featuredmedia":[{"embeddable":true,"href":"https:\/\/zonaroja.com.mx\/index.php?rest_route=\/wp\/v2\/media\/50141"}],"wp:attachment":[{"href":"https:\/\/zonaroja.com.mx\/index.php?rest_route=%2Fwp%2Fv2%2Fmedia&parent=50142"}],"wp:term":[{"taxonomy":"category","embeddable":true,"href":"https:\/\/zonaroja.com.mx\/index.php?rest_route=%2Fwp%2Fv2%2Fcategories&post=50142"},{"taxonomy":"post_tag","embeddable":true,"href":"https:\/\/zonaroja.com.mx\/index.php?rest_route=%2Fwp%2Fv2%2Ftags&post=50142"}],"curies":[{"name":"wp","href":"https:\/\/api.w.org\/{rel}","templated":true}]}}