{"id":50153,"date":"2023-01-07T11:59:00","date_gmt":"2023-01-07T17:59:00","guid":{"rendered":"http:\/\/www.zonaroja.com.mx\/?p=50153"},"modified":"2023-01-07T07:00:05","modified_gmt":"2023-01-07T13:00:05","slug":"gobernador-salomon-jara-prohibe-a-sus-funcionarios-dar-entrevistas","status":"publish","type":"post","link":"https:\/\/zonaroja.com.mx\/?p=50153","title":{"rendered":"Gobernador Salom\u00f3n Jara proh\u00edbe a sus funcionarios dar entrevistas"},"content":{"rendered":"\n<p>Redacci\u00f3n\/Estado 20.<\/p>\n\n\n\n<p>Oaxaca de Ju\u00e1rez, Oax., a 7 de enero de 2023.- El gobernador de Oaxaca, Salom\u00f3n Jara Cruz, estableci\u00f3 la prohibici\u00f3n a los titulares de las diferentes secretar\u00edas, institutos, dependencias y dem\u00e1s funcionarios, dar entrevistas a medios de comunicaci\u00f3n y reporteros, sin antes ser autorizadas por el \u00e1rea de Comunicaci\u00f3n Social del gobierno del estado.<\/p>\n\n\n\n<p>En el protocolo que los periodistas deber\u00e1n acatar en los eventos oficiales del mandatario y de la administraci\u00f3n estatal difundido por el gobierno de Oaxaca, se establece que las entrevistas al t\u00e9rmino de la actividad o evento s\u00f3lo ser\u00e1n posible a la disponibilidad de la o el funcionario y ser\u00e1n previamente autorizadas por la Coordinaci\u00f3n General de Comunicaci\u00f3n Social.<\/p>\n\n\n\n<p>El documento tambi\u00e9n establece otras 10 medidas, las cuales en su mayor\u00eda son de log\u00edstica, como la movilidad de las y los fot\u00f3grafos y camar\u00f3grafos, la cual se permitir\u00e1 por \u201cgoteo\u201d, siempre y cuando sea autorizado por el \u00e1rea de seguridad del gobernador.<\/p>\n\n\n\n<p>As\u00ed como la colocaci\u00f3n de templete para fot\u00f3grafos, camar\u00f3grafos y en cada actividad o evento o la conferencia de prensa de los d\u00edas lunes. Para las y los reporteros se les proporcionar\u00e1n las herramientas necesarias para desempe\u00f1ar su trabajo.<\/p>\n\n\n\n<p>Durante una convivencia de fin de a\u00f1o con reporteros, Salom\u00f3n Jara se comprometi\u00f3 a que su administraci\u00f3n tendr\u00e1 una relaci\u00f3n de respeto con los medios de comunicaci\u00f3n, que habr\u00e1 apertura y transparencia; adem\u00e1s, dijo que no habr\u00e1 censura ni ninguna \u201cl\u00ednea\u201d.<\/p>\n","protected":false},"excerpt":{"rendered":"<p>Redacci\u00f3n\/Estado 20. Oaxaca de Ju\u00e1rez, Oax., a 7 de enero de 2023.- El gobernador de&hellip;<\/p>\n","protected":false},"author":2,"featured_media":50154,"comment_status":"closed","ping_status":"open","sticky":false,"template":"","format":"standard","meta":{"_lmt_disableupdate":"","_lmt_disable":"","_jetpack_memberships_contains_paid_content":false,"footnotes":""},"categories":[109,47],"tags":[939],"class_list":["post-50153","post","type-post","status-publish","format-standard","has-post-thumbnail","hentry","category-minuto-a-minuto","category-zona-gris","tag-salomon-jara-cruz"],"jetpack_featured_media_url":"https:\/\/zonaroja.com.mx\/wp-content\/uploads\/2023\/01\/Salomon-Jara-y-gabinete.jpeg","jetpack_sharing_enabled":true,"_links":{"self":[{"href":"https:\/\/zonaroja.com.mx\/index.php?rest_route=\/wp\/v2\/posts\/50153","targetHints":{"allow":["GET"]}}],"collection":[{"href":"https:\/\/zonaroja.com.mx\/index.php?rest_route=\/wp\/v2\/posts"}],"about":[{"href":"https:\/\/zonaroja.com.mx\/index.php?rest_route=\/wp\/v2\/types\/post"}],"author":[{"embeddable":true,"href":"https:\/\/zonaroja.com.mx\/index.php?rest_route=\/wp\/v2\/users\/2"}],"replies":[{"embeddable":true,"href":"https:\/\/zonaroja.com.mx\/index.php?rest_route=%2Fwp%2Fv2%2Fcomments&post=50153"}],"version-history":[{"count":1,"href":"https:\/\/zonaroja.com.mx\/index.php?rest_route=\/wp\/v2\/posts\/50153\/revisions"}],"predecessor-version":[{"id":50155,"href":"https:\/\/zonaroja.com.mx\/index.php?rest_route=\/wp\/v2\/posts\/50153\/revisions\/50155"}],"wp:featuredmedia":[{"embeddable":true,"href":"https:\/\/zonaroja.com.mx\/index.php?rest_route=\/wp\/v2\/media\/50154"}],"wp:attachment":[{"href":"https:\/\/zonaroja.com.mx\/index.php?rest_route=%2Fwp%2Fv2%2Fmedia&parent=50153"}],"wp:term":[{"taxonomy":"category","embeddable":true,"href":"https:\/\/zonaroja.com.mx\/index.php?rest_route=%2Fwp%2Fv2%2Fcategories&post=50153"},{"taxonomy":"post_tag","embeddable":true,"href":"https:\/\/zonaroja.com.mx\/index.php?rest_route=%2Fwp%2Fv2%2Ftags&post=50153"}],"curies":[{"name":"wp","href":"https:\/\/api.w.org\/{rel}","templated":true}]}}