{"id":50156,"date":"2023-01-07T10:00:00","date_gmt":"2023-01-07T16:00:00","guid":{"rendered":"http:\/\/www.zonaroja.com.mx\/?p=50156"},"modified":"2023-01-07T07:03:42","modified_gmt":"2023-01-07T13:03:42","slug":"fentanilo-y-migracion-temas-de-biden-en-cumbre-con-mexico-y-canada","status":"publish","type":"post","link":"https:\/\/zonaroja.com.mx\/?p=50156","title":{"rendered":"Fentanilo y migraci\u00f3n, temas de Biden en Cumbre con M\u00e9xico y Canad\u00e1"},"content":{"rendered":"\n<p>Redacci\u00f3n\/Zona Roja Cdmx.<\/p>\n\n\n\n<p>Ciudad de M\u00e9xico, a 7 de enero de 2023.- El presidente Joe Biden adelant\u00f3 que en la Cumbre de Norteam\u00e9rica abordar\u00e1 los temas del tr\u00e1fico de fentanilo y la seguridad en la frontera con M\u00e9xico, al tiempo que present\u00f3 un nuevo plan migratorio con apoyo de la administraci\u00f3n del presidente Andr\u00e9s Manuel L\u00f3pez Obrador.<\/p>\n\n\n\n<p>El mandatario confirm\u00f3 que visitar\u00e1 El Paso el domingo, antes de reunirse con sus hom\u00f3logos de M\u00e9xico y Canad\u00e1 en la Ciudad de M\u00e9xico.<\/p>\n\n\n\n<p>\u201cVoy a viajar a M\u00e9xico, me voy a reunir con el presidente L\u00f3pez Obrador y tenemos una vasta agenda que cubre el \u00e1rea econ\u00f3mica y otros temas, pero un punto importante es fortalecer la frontera de nuestros pa\u00edses\u201d, dijo el mandatario.<\/p>\n\n\n\n<p>Biden dijo que el secretario de Seguridad, Alejandro Mayorkas, presentar\u00e1 despu\u00e9s los detalles del nuevo plan migratorio conjunto con M\u00e9xico, pero expuso a grandes rasgos el programa.<\/p>\n\n\n\n<p>Dijo que s\u00f3lo se aceptar\u00e1n solicitudes de asilo de esas cuatro nacionalidades, pero que sean peticiones que se presenten \u00fanicamente desde fuera de Estados Unidos mediante una aplicaci\u00f3n para m\u00f3viles.<\/p>\n\n\n\n<p>Mediante esa aplicaci\u00f3n, la \u201cCBP1\u201d, los solicitantes de asilo pueden pedir citas a autoridades migratorias para entrevistarse en las garitas a lo largo de la frontera, para que expongan sus casos o peticiones de refugio.<\/p>\n\n\n\n<p>Dijo que uno de los requisitos es que los solicitantes cuenten con patrocinadores, personas que se har\u00e1n cargo de sus gastos mientras hacen tr\u00e1mites dentro de Estados Unidos.<\/p>\n\n\n\n<p>El presidente dijo que para las peticiones que sean aceptadas, \u201ctenemos un plan de libertad condicional con el gobierno de M\u00e9xico\u201d, que se ha comprometido a \u201crecibir 30 mil migrantes con solicitudes aprobadas\u201d cada mes.<\/p>\n\n\n\n<p>Los migrantes de esas cuatro nacionalidades con casos aprobados, esperar\u00e1n en la frontera de M\u00e9xico con permiso de autoridades mexicanas mientras en Estados Unidos se revisan los antecedentes de las personas que los van a patrocinar.<\/p>\n\n\n\n<p>El presidente advirti\u00f3 que las personas que crucen la frontera para tratar de entregarse a autoridades y solicitar asilo quedar\u00e1n excluidas de ese plan.<\/p>\n\n\n\n<p>El presidente de EU present\u00f3 en conferencia un plan conjunto con M\u00e9xico para que 30 mil solicitantes de asilo mensuales exclusivamente de Cuba, Nicaragua, Venezuela y Hait\u00ed aguarden en la frontera de M\u00e9xico mientras las autoridades revisan antecedentes a las personas que los recibir\u00e1n en Estados Unidos, pero tambi\u00e9n se refiri\u00f3 al tr\u00e1fico de fentanilo.<\/p>\n\n\n\n<p>Biden dijo que las autoridades fronterizas incautaron en el 2022 unas 20 mil libras de fentanilo \u2014poco m\u00e1s de nueve toneladas\u2014.<\/p>\n\n\n\n<p>La cantidad equivale a sobredosis para unos 500 millones de personas, de acuerdo con c\u00e1lculos de la Administraci\u00f3n para el Control de Drogas (DEA).<\/p>\n\n\n\n<p>REUNIONES PRIVADAS<\/p>\n\n\n\n<p>El secretario de relaciones exteriores, Marcelo Ebrard dio a conocer&nbsp; el programa de la X Cumbre de L\u00edderes de Am\u00e9rica del Norte que reunir\u00e1 a los presidentes de Estados Unidos, Joe Biden; de M\u00e9xico, Andr\u00e9s Manuel L\u00f3pez Obrador y el primer ministro de Canad\u00e1, Justin Trudeau, en Palacio Nacional.<\/p>\n\n\n\n<p>Marcelo Ebrard detall\u00f3 que el encuentro trilateral se desarrollar\u00e1 los d\u00edas 9, 10 y 11 de enero.<\/p>\n\n\n\n<p>Adem\u00e1s, el canciller confirm\u00f3 que el avi\u00f3n presidencial de Joe Biden llegar\u00e1 al AIFA el domingo 8 de enero.<\/p>\n\n\n\n<p>Para el primer d\u00eda de actividades se prev\u00e9 la llegada de Biden con el presidente L\u00f3pez Obrador, a las 13:00 horas.<\/p>\n\n\n\n<p>Mientras que el primer ministro de Canad\u00e1, Justin Trudeau, despu\u00e9s de las 18:00 horas.<\/p>\n\n\n\n<p>Para el martes 10 de enero, Biden y Trudeau arribar\u00e1n a Palacio Nacional en punto de las 11:30 horas.<\/p>\n\n\n\n<p>En seguida, habr\u00e1 una ceremonia de recepci\u00f3n y una sesi\u00f3n para tomar la fotograf\u00eda de los gobernantes junto con sus esposas.<\/p>\n\n\n\n<p>De inmediato dar\u00e1 inicio la X Cumbre de L\u00edderes de Am\u00e9rica del Norte. que tendr\u00e1 como temas centrales:&nbsp; diversidad, equidad e inclusi\u00f3n; cambio clim\u00e1tico y medio ambiente; competitividad de la regi\u00f3n.<\/p>\n\n\n\n<p>De acuerdo con el programa, antes de que Joe Biden se vaya de M\u00e9xico, los tres mandatarios ofrecer\u00e1n un mensaje a medios en palacio nacional.<\/p>\n\n\n\n<p>(Informaci\u00f3n de \u201cExc\u00e9lsior\u201d)<\/p>\n","protected":false},"excerpt":{"rendered":"<p>Redacci\u00f3n\/Zona Roja Cdmx. Ciudad de M\u00e9xico, a 7 de enero de 2023.- El presidente Joe&hellip;<\/p>\n","protected":false},"author":2,"featured_media":50157,"comment_status":"closed","ping_status":"open","sticky":false,"template":"","format":"standard","meta":{"_lmt_disableupdate":"","_lmt_disable":"","_jetpack_memberships_contains_paid_content":false,"footnotes":""},"categories":[109,46],"tags":[143,2347],"class_list":["post-50156","post","type-post","status-publish","format-standard","has-post-thumbnail","hentry","category-minuto-a-minuto","category-zona-blanca","tag-andres-manuel-lopez-obrador","tag-joe-biden"],"jetpack_featured_media_url":"https:\/\/zonaroja.com.mx\/wp-content\/uploads\/2023\/01\/Lopez-Obrador-y-Joe-Biden.jpeg","jetpack_sharing_enabled":true,"_links":{"self":[{"href":"https:\/\/zonaroja.com.mx\/index.php?rest_route=\/wp\/v2\/posts\/50156","targetHints":{"allow":["GET"]}}],"collection":[{"href":"https:\/\/zonaroja.com.mx\/index.php?rest_route=\/wp\/v2\/posts"}],"about":[{"href":"https:\/\/zonaroja.com.mx\/index.php?rest_route=\/wp\/v2\/types\/post"}],"author":[{"embeddable":true,"href":"https:\/\/zonaroja.com.mx\/index.php?rest_route=\/wp\/v2\/users\/2"}],"replies":[{"embeddable":true,"href":"https:\/\/zonaroja.com.mx\/index.php?rest_route=%2Fwp%2Fv2%2Fcomments&post=50156"}],"version-history":[{"count":1,"href":"https:\/\/zonaroja.com.mx\/index.php?rest_route=\/wp\/v2\/posts\/50156\/revisions"}],"predecessor-version":[{"id":50158,"href":"https:\/\/zonaroja.com.mx\/index.php?rest_route=\/wp\/v2\/posts\/50156\/revisions\/50158"}],"wp:featuredmedia":[{"embeddable":true,"href":"https:\/\/zonaroja.com.mx\/index.php?rest_route=\/wp\/v2\/media\/50157"}],"wp:attachment":[{"href":"https:\/\/zonaroja.com.mx\/index.php?rest_route=%2Fwp%2Fv2%2Fmedia&parent=50156"}],"wp:term":[{"taxonomy":"category","embeddable":true,"href":"https:\/\/zonaroja.com.mx\/index.php?rest_route=%2Fwp%2Fv2%2Fcategories&post=50156"},{"taxonomy":"post_tag","embeddable":true,"href":"https:\/\/zonaroja.com.mx\/index.php?rest_route=%2Fwp%2Fv2%2Ftags&post=50156"}],"curies":[{"name":"wp","href":"https:\/\/api.w.org\/{rel}","templated":true}]}}