{"id":50159,"date":"2023-01-07T07:20:42","date_gmt":"2023-01-07T13:20:42","guid":{"rendered":"http:\/\/www.zonaroja.com.mx\/?p=50159"},"modified":"2023-01-07T07:20:44","modified_gmt":"2023-01-07T13:20:44","slug":"ovidio-se-queda-en-prision-y-juez-federal-frena-su-extradicion","status":"publish","type":"post","link":"https:\/\/zonaroja.com.mx\/?p=50159","title":{"rendered":"Ovidio se queda en prisi\u00f3n\u2026 y juez federal frena su extradici\u00f3n"},"content":{"rendered":"\n<p>Redacci\u00f3n\/Zona Roja Cdmx.<\/p>\n\n\n\n<p>Ciudad de M\u00e9xico, a 7 de enero de 2023.- Poco m\u00e1s de 24 horas despu\u00e9s de haber sido detenido en la localidad de Jes\u00fas Mar\u00eda, Culiac\u00e1n, Sinaloa, concluy\u00f3 la primera audiencia de Ovidio Guzm\u00e1n en el Centro Federal de Readaptaci\u00f3n Social No. 1 \u201cEl Altiplano\u201d.&nbsp;<\/p>\n\n\n\n<p>En el acto, el juez de distrito Gregorio Salazar Hern\u00e1ndez decret\u00f3 la detenci\u00f3n provisional en contra del hijo de \u201cEl Chapo\u201d y permanecer\u00e1 en el penal mientras se desarrolla el proceso de extradici\u00f3n.<\/p>\n\n\n\n<p>Los cargos por los que Ovidio Guzm\u00e1n fue detenido fueron los de probable asociaci\u00f3n delictuosa, as\u00ed como tr\u00e1fico de drogas, metanfetaminas, marihuana y coca\u00edna. Por esos motivos, el gobierno de los Estados Unidos podr\u00eda iniciar un proceso de extradici\u00f3n para continuar con el juicio en su territorio.<\/p>\n\n\n\n<p>Cabe mencionar que el gobierno estadounidense cuenta con 60 d\u00edas para realizar la solicitud oficial de su extradici\u00f3n, periodo de tiempo en el cual permanecer\u00e1 en \u201cEl Altiplano\u201d.&nbsp;<\/p>\n\n\n\n<p>De igual forma, en caso de que las autoridades no realicen el proceso, el juez mexicano podr\u00eda retirar las medidas cautelares y dejar en libertad al personaje tambi\u00e9n conocido como \u201cEl Rat\u00f3n\u201d el pr\u00f3ximo 5 de marzo de 2023.<\/p>\n\n\n\n<p>A la audiencia acudieron los abogados particulares de Guzm\u00e1n, es decir, Juan Clemente Morales, Alberto D\u00edaz Mendieta y Julio Seguro Garc\u00eda, aunque solicit\u00f3 a un par de defensores m\u00e1s.<\/p>\n\n\n\n<p>En el acto de casi dos horas, la Fiscal\u00eda aprovech\u00f3 para presentar las pruebas en contra de Ovidio Guzm\u00e1n. Entre ellas presentaron conversaciones y mensajes de texto en los que \u201cEl Rat\u00f3n\u201d se comunicaba con su padre a trav\u00e9s de intermediarios. Una de las m\u00e1s contundentes fue una solicitud expresa en el a\u00f1o 2013, cuando Joaqu\u00edn Guzm\u00e1n Loera pidi\u00f3 a su hijo hacer llegar 25 paquetes de coca\u00edna a Phoenix, Arizona.<\/p>\n\n\n\n<p>El equipo de la Fiscal\u00eda confirm\u00f3 que la detenci\u00f3n de Ovidio Guzm\u00e1n fue realizada a petici\u00f3n del gobierno de los Estados Unidos, quienes apoyaron en la presentaci\u00f3n de pruebas.<\/p>\n\n\n\n<p>FRENAN EXTRADICCI\u00d3N<\/p>\n\n\n\n<p>Un juez federal otorg\u00f3 a Ovidio Guzm\u00e1n L\u00f3pez, alias El Rat\u00f3n, una suspensi\u00f3n de plano contra el proceso de extradici\u00f3n a Estados Unidos luego de que el hijo de Joaqu\u00edn \u201cEl Chapo\u201d Guzm\u00e1n fuera capturado en la localidad de Jes\u00fas Mar\u00eda, Sinaloa como resultado de un operativo orquestado por la Secretar\u00eda de la Defensa Nacional (Sedena) el pasado jueves 05 de enero.<\/p>\n\n\n\n<p>Tras su detenci\u00f3n, el cabecilla del C\u00e1rtel del Pac\u00edfico fue trasladado v\u00eda a\u00e9rea hasta la Fiscal\u00eda Especializada en Materia de Delincuencia Organizada (FEMDO) en la capital mexicana, por lo que sus defensores legales presentaron ante un distrito de amparo en materia penal de la Ciudad de M\u00e9xico dos escritos para evitar que El Rat\u00f3n fuera puesto a disposici\u00f3n del Gobierno de Estados Unidos.<\/p>\n\n\n\n<p>De acuerdo con informaci\u00f3n difundida por Diario Zeta, la primera demanda de garant\u00edas presentada por los abogados de Ovidio Guzm\u00e1n L\u00f3pez reclama una posible \u201cincomunicaci\u00f3n, deportaci\u00f3n, expulsi\u00f3n, extradici\u00f3n y su ejecuci\u00f3n\u201d.<\/p>\n\n\n\n<p>Al respecto, un juez federal decret\u00f3 la suspensi\u00f3n de oficio contra la incomunicaci\u00f3n para que bajo las disposiciones legales e institucionales se le permita al hijo del fundador del C\u00e1rtel de Sinaloa comunicarse con sus familiares y entrevistarse con sus defensores legales.<\/p>\n\n\n\n<p>Respecto a la extradici\u00f3n, el juez federal -cuya identidad no fue revelada- tambi\u00e9n concedi\u00f3 la suspensi\u00f3n de oficio respecto de los actos consistentes para que Ovidio Guzm\u00e1n L\u00f3pez no sea presentado ante la justicia estadounidense y \u201cel quejoso quede en el lugar en el que se encuentre a disposici\u00f3n de este juzgado, solo con relaci\u00f3n a su libertad personal y no sea entregado al Gobierno de los Estados Unidos de Am\u00e9rica, ni a ning\u00fan Estado diverso\u201d.<\/p>\n\n\n\n<p>La segunda demanda de amparo promovida por los defensores legales del hijo de Joaqu\u00edn \u201cEl Chapo\u201d Guzm\u00e1n fue interpuesta en contra del presidente Andr\u00e9s Manuel L\u00f3pez Obrador y otras autoridades, siendo el acto reclamado la tortura f\u00edsica o psicol\u00f3gica que pudiera ejercerse en contra de su representado.<\/p>\n\n\n\n<p>Para dicho escrito, el mismo juez federal decret\u00f3 la suspensi\u00f3n de oficio para que de manera inmediata cese la ejecuci\u00f3n de tales actos.<\/p>\n\n\n\n<p>RETORNA CALMA<\/p>\n\n\n\n<p>Luego de m\u00e1s de 24 horas, la calma regres\u00f3 a Sinaloa, principalmente con la ciudad de Culiac\u00e1n; el gobierno federal anunci\u00f3 la presencia permanente de al menos mil elementos castrenses.<\/p>\n\n\n\n<p>En tanto, la Uni\u00f3n de Locatarios del Centro del Culiac\u00e1n estim\u00f3 que los disturbios tras la captura de \u201cEl Rat\u00f3n\u201d provocaron p\u00e9rdidas econ\u00f3micas de 900 millones de pesos (MDP).&nbsp;<\/p>\n\n\n\n<p>Tan solo los sectores de servicios, comercios y turismo perdieron aproximadamente 250 MDP, apunt\u00f3 \u00d3scar S\u00e1nchez Beltr\u00e1n, presidente de la organizaci\u00f3n antes mencionada.<\/p>\n\n\n\n<p>S\u00e1nchez Beltr\u00e1n a\u00f1adi\u00f3 que las afectaciones a la econom\u00eda local se podr\u00edan extender ya que, pese a que este 6 de enero se anunci\u00f3 que exist\u00edan las condiciones para reactivar el comercio, el 95% de los negocios habr\u00edan continuado cerrados.<\/p>\n\n\n\n<p>Sumado a ello asegur\u00f3 que la Uni\u00f3n de Locatarios del Centro del Culiac\u00e1n ha recibido reportes de renuncias masivas de trabajadores del sector comercial ante el temor de trasladarse hasta sus lugares de trabajo.<\/p>\n\n\n\n<p>(Informaci\u00f3n de Infobae M\u00e9xico)<\/p>\n","protected":false},"excerpt":{"rendered":"<p>Redacci\u00f3n\/Zona Roja Cdmx. Ciudad de M\u00e9xico, a 7 de enero de 2023.- Poco m\u00e1s de&hellip;<\/p>\n","protected":false},"author":2,"featured_media":50160,"comment_status":"closed","ping_status":"open","sticky":false,"template":"","format":"standard","meta":{"_lmt_disableupdate":"","_lmt_disable":"","_jetpack_memberships_contains_paid_content":false,"footnotes":""},"categories":[109,47],"tags":[1335,887],"class_list":["post-50159","post","type-post","status-publish","format-standard","has-post-thumbnail","hentry","category-minuto-a-minuto","category-zona-gris","tag-culiacan-sinaloa","tag-ovidio-guzman-lopez"],"jetpack_featured_media_url":"https:\/\/zonaroja.com.mx\/wp-content\/uploads\/2023\/01\/Ovidio-Guzman.jpeg","jetpack_sharing_enabled":true,"_links":{"self":[{"href":"https:\/\/zonaroja.com.mx\/index.php?rest_route=\/wp\/v2\/posts\/50159","targetHints":{"allow":["GET"]}}],"collection":[{"href":"https:\/\/zonaroja.com.mx\/index.php?rest_route=\/wp\/v2\/posts"}],"about":[{"href":"https:\/\/zonaroja.com.mx\/index.php?rest_route=\/wp\/v2\/types\/post"}],"author":[{"embeddable":true,"href":"https:\/\/zonaroja.com.mx\/index.php?rest_route=\/wp\/v2\/users\/2"}],"replies":[{"embeddable":true,"href":"https:\/\/zonaroja.com.mx\/index.php?rest_route=%2Fwp%2Fv2%2Fcomments&post=50159"}],"version-history":[{"count":1,"href":"https:\/\/zonaroja.com.mx\/index.php?rest_route=\/wp\/v2\/posts\/50159\/revisions"}],"predecessor-version":[{"id":50161,"href":"https:\/\/zonaroja.com.mx\/index.php?rest_route=\/wp\/v2\/posts\/50159\/revisions\/50161"}],"wp:featuredmedia":[{"embeddable":true,"href":"https:\/\/zonaroja.com.mx\/index.php?rest_route=\/wp\/v2\/media\/50160"}],"wp:attachment":[{"href":"https:\/\/zonaroja.com.mx\/index.php?rest_route=%2Fwp%2Fv2%2Fmedia&parent=50159"}],"wp:term":[{"taxonomy":"category","embeddable":true,"href":"https:\/\/zonaroja.com.mx\/index.php?rest_route=%2Fwp%2Fv2%2Fcategories&post=50159"},{"taxonomy":"post_tag","embeddable":true,"href":"https:\/\/zonaroja.com.mx\/index.php?rest_route=%2Fwp%2Fv2%2Ftags&post=50159"}],"curies":[{"name":"wp","href":"https:\/\/api.w.org\/{rel}","templated":true}]}}