{"id":50162,"date":"2023-01-07T08:04:00","date_gmt":"2023-01-07T14:04:00","guid":{"rendered":"http:\/\/www.zonaroja.com.mx\/?p=50162"},"modified":"2023-01-07T08:04:03","modified_gmt":"2023-01-07T14:04:03","slug":"rojo-cotidiano-en-primavera-oaxaquena-un-ejecutado-en-juchitan","status":"publish","type":"post","link":"https:\/\/zonaroja.com.mx\/?p=50162","title":{"rendered":"Rojo cotidiano en \u201cprimavera oaxaque\u00f1a\u201d: un ejecutado en Juchit\u00e1n"},"content":{"rendered":"\n<p>Ismael Garc\u00eda M.\/Zona Roja.<\/p>\n\n\n\n<p>Oaxaca de Ju\u00e1rez, Oax.,a 7 de enero de 2023.- En la quinta semana del gobierno de Salom\u00f3n Jara Cruz, los cr\u00edmenes contin\u00faan de manera cotidiana.<\/p>\n\n\n\n<p>La madrugada de este s\u00e1bado, en Juchit\u00e1n de Zaragoza se suscit\u00f3 un ataque armado, con saldo preliminar de una persona asesinada y al menos tres lesionadas.<\/p>\n\n\n\n<p>De acuerdo con el sitio informativo \u201cPluma Digital Noticias, los hechos ocurrieron en el exterior de un local comercial ubicado a un costado de la carretera Juchit\u00e1n-Tehuantepec.<\/p>\n\n\n\n<p>Sujetos armados dispararon en contra los ocupantes de un mototaxi, tras lo cual fue ultimado un individuo identificado de manera preliminar como Jhovany S., de 28 a\u00f1os de edad, mientras tres m\u00e1s fueron trasladados a un hospital.<\/p>\n\n\n\n<p>Ni polic\u00edas estatales ni municipales se hallaban en la zona, por lo cual no hay personas detenidas. Personal de la Vicefiscal\u00eda Regional del Istmo inici\u00f3 las indagatorias correspondientes.<\/p>\n\n\n\n<figure class=\"wp-block-embed is-type-rich is-provider-twitter wp-block-embed-twitter\"><div class=\"wp-block-embed__wrapper\">\n<div class=\"twitter-tweet\"><blockquote class=\"twitter-tweet\" data-lang=\"es\"><p lang=\"es\" dir=\"ltr\"><a href=\"https:\/\/twitter.com\/hashtag\/%C3%9AltimoMinuto?src=hash&amp;ref_src=twsrc%5Etfw\">#\u00daltimoMinuto<\/a><br>Un ataque armado en el exterior de un local comercial de <a href=\"https:\/\/twitter.com\/hashtag\/Juchit%C3%A1n?src=hash&amp;ref_src=twsrc%5Etfw\">#Juchit\u00e1n<\/a> de Zaragoza, <a href=\"https:\/\/twitter.com\/hashtag\/Oaxaca?src=hash&amp;ref_src=twsrc%5Etfw\">#Oaxaca<\/a>, deja como saldo preliminar un ejecutado a balazos y tres heridos, hechos ocurridos la madrugada de hoy. <br><br>Video: Pluma Digital Noticias. <a href=\"https:\/\/t.co\/dmzSaHzmWA\">pic.twitter.com\/dmzSaHzmWA<\/a><\/p>&mdash; Zona Roja Oaxaca (@ZonaRoja_Oaxaca) <a href=\"https:\/\/twitter.com\/ZonaRoja_Oaxaca\/status\/1611718359544115204?ref_src=twsrc%5Etfw\">7 de enero de 2023<\/a><\/blockquote><\/div>\n<\/div><\/figure>\n","protected":false},"excerpt":{"rendered":"<p>Ismael Garc\u00eda M.\/Zona Roja. Oaxaca de Ju\u00e1rez, Oax.,a 7 de enero de 2023.- En la&hellip;<\/p>\n","protected":false},"author":2,"featured_media":50163,"comment_status":"closed","ping_status":"open","sticky":false,"template":"","format":"standard","meta":{"_lmt_disableupdate":"","_lmt_disable":"","_jetpack_memberships_contains_paid_content":false,"footnotes":""},"categories":[109,51],"tags":[123],"class_list":["post-50162","post","type-post","status-publish","format-standard","has-post-thumbnail","hentry","category-minuto-a-minuto","category-zona-roja","tag-juchitan-de-zaragoza"],"jetpack_featured_media_url":"https:\/\/zonaroja.com.mx\/wp-content\/uploads\/2023\/01\/Ejecutado-Juchitan.jpg","jetpack_sharing_enabled":true,"_links":{"self":[{"href":"https:\/\/zonaroja.com.mx\/index.php?rest_route=\/wp\/v2\/posts\/50162","targetHints":{"allow":["GET"]}}],"collection":[{"href":"https:\/\/zonaroja.com.mx\/index.php?rest_route=\/wp\/v2\/posts"}],"about":[{"href":"https:\/\/zonaroja.com.mx\/index.php?rest_route=\/wp\/v2\/types\/post"}],"author":[{"embeddable":true,"href":"https:\/\/zonaroja.com.mx\/index.php?rest_route=\/wp\/v2\/users\/2"}],"replies":[{"embeddable":true,"href":"https:\/\/zonaroja.com.mx\/index.php?rest_route=%2Fwp%2Fv2%2Fcomments&post=50162"}],"version-history":[{"count":1,"href":"https:\/\/zonaroja.com.mx\/index.php?rest_route=\/wp\/v2\/posts\/50162\/revisions"}],"predecessor-version":[{"id":50164,"href":"https:\/\/zonaroja.com.mx\/index.php?rest_route=\/wp\/v2\/posts\/50162\/revisions\/50164"}],"wp:featuredmedia":[{"embeddable":true,"href":"https:\/\/zonaroja.com.mx\/index.php?rest_route=\/wp\/v2\/media\/50163"}],"wp:attachment":[{"href":"https:\/\/zonaroja.com.mx\/index.php?rest_route=%2Fwp%2Fv2%2Fmedia&parent=50162"}],"wp:term":[{"taxonomy":"category","embeddable":true,"href":"https:\/\/zonaroja.com.mx\/index.php?rest_route=%2Fwp%2Fv2%2Fcategories&post=50162"},{"taxonomy":"post_tag","embeddable":true,"href":"https:\/\/zonaroja.com.mx\/index.php?rest_route=%2Fwp%2Fv2%2Ftags&post=50162"}],"curies":[{"name":"wp","href":"https:\/\/api.w.org\/{rel}","templated":true}]}}