{"id":5017,"date":"2019-10-21T20:20:55","date_gmt":"2019-10-22T01:20:55","guid":{"rendered":"http:\/\/www.zonaroja.com.mx\/?p=5017"},"modified":"2019-10-21T20:20:58","modified_gmt":"2019-10-22T01:20:58","slug":"a-casi-un-mes-sigue-lio-en-tlacolula-piden-a-edil-concrete-su-renuncia","status":"publish","type":"post","link":"https:\/\/zonaroja.com.mx\/?p=5017","title":{"rendered":"A casi un mes, sigue l\u00edo en Tlacolula; piden a edil concrete su renuncia"},"content":{"rendered":"\n<p>Redacci\u00f3n\/Zona Roja.<\/p>\n\n\n\n<p>Oaxaca de Ju\u00e1rez, Oax., 21 de octubre\nde 2019.- La disputa por la reconstrucci\u00f3n de la escuela primaria \u201cPresidente\nL\u00f3pez Mateos\u201d contin\u00faa en el municipio de Tlacolula de Matamoros y este lunes\nintegrantes de la Comisi\u00f3n Representativa de Ciudadanos de la localidad\npidieron al presidente municipal, Carlos Le\u00f3n Monterrubio, hacer formal su\nrenuncia al cargo.<\/p>\n\n\n\n<p>Lo anterior luego de argumentar la\nfalta de capacidad para dar soluci\u00f3n al conflicto que lleva semanas y que\nrecientemente dej\u00f3 un enfrentamiento violento entre pobladores, docentes,\nmadres y padres de familia ante la posibilidad de reubicar el centro escolar\npara instalar una plaza comercial en donde actualmente se encuentra.<\/p>\n\n\n\n<p>En conferencia de prensa, se\u00f1alaron que\neste domingo el edil present\u00f3 de manera informal su renuncia al cargo, por lo\nque piden que se haga formalmente, a fin de que permita a la ciudadan\u00eda\nresolver el conflicto que se ha registrado por el plantel educativo. <\/p>\n\n\n\n<p>\u201c\u00c9l ya dej\u00f3 en claro que no puede atender este problema, por eso pedimos que se nos permita intervenir y atender el conflicto\u201d, declararon ante los medios los medios de comunicaci\u00f3n. <\/p>\n\n\n\n<figure class=\"wp-block-embed-twitter wp-block-embed is-type-rich is-provider-twitter\"><div class=\"wp-block-embed__wrapper\">\n<div class=\"twitter-tweet\"><blockquote class=\"twitter-tweet\" data-lang=\"es\"><p lang=\"es\" dir=\"ltr\">(1) \u201cNo tengo necesidad de estar aqu\u00ed&#8230; Hoy tuve la oportunidad de salir a decir: renuncio a la presidencia, porque estoy contra la espada y la pared\u201d, dice edil de Tlacolula, Carlos Le\u00f3n Monterrubio, en video que se difunde en Facebook durante una reuni\u00f3n familiar. <a href=\"https:\/\/t.co\/WAnHUFFZzX\">pic.twitter.com\/WAnHUFFZzX<\/a><\/p>&mdash; Zona Roja Oaxaca (@MexRoja) <a href=\"https:\/\/twitter.com\/MexRoja\/status\/1186122564730380289?ref_src=twsrc%5Etfw\">21 de octubre de 2019<\/a><\/blockquote><\/div>\n<\/div><\/figure>\n\n\n\n<p>A nombre de la comisi\u00f3n de ciudadanos,\nRolando Sibaja Jarqu\u00edn detall\u00f3 que est\u00e1n a favor de construir un espacio\ncomercial en el lugar en el que se encuentra la escuela, respetando en todo\nmomento el derecho de las ni\u00f1as y ni\u00f1os, que ya cuentan con un lugar alterno en\ndonde reinstalar el plantel educativo, aprovechando que tendr\u00e1 que ser\nintervenido por los da\u00f1os que sufri\u00f3 con los sismos del 2017.<\/p>\n\n\n\n<p>Explic\u00f3 que es necesario que el\nmunicipio mantenga su propio desarrollo, ya que la poblaci\u00f3n incrementa en\nn\u00famero as\u00ed como las visitas que recibe la localidad debido a su cercan\u00eda con la\ncapital oaxaque\u00f1a por lo que insistieron en pedir a los gobiernos estatal y\nfederal respeten su petici\u00f3n como habitantes del municipio. <\/p>\n\n\n\n<p>As\u00ed mismo, hicieron un llamado al\ndi\u00e1logo con madres y padres de familia que se oponen a la reubicaci\u00f3n,\nasegurando que se puede llegar a una soluci\u00f3n pac\u00edfica de la problem\u00e1tica, a la\npar que insistieron en la renuncia del edil para que sea la ciudadan\u00eda quien\nresuelva el conflicto.<\/p>\n\n\n\n<p>Cabe se\u00f1alar que este fin de semana, en el marco de la visita de Andr\u00e9s Manuel L\u00f3pez Obrador, habitantes de Tlacolula interceptaron al mandatario federal para reclamarle su intromisi\u00f3n en las decisiones municipales, como lo diera a conocer el edil a asegurar que siguiendo sus \u00f3rdenes la escuela se reconstruir\u00eda en el mismo lugar donde se encuentra, declaraci\u00f3n que fue desmentida por L\u00f3pez Obrador en un video que se difundi\u00f3 en las redes sociales.<\/p>\n\n\n\n<figure class=\"wp-block-embed-twitter wp-block-embed is-type-rich is-provider-twitter\"><div class=\"wp-block-embed__wrapper\">\n<div class=\"twitter-tweet\"><blockquote class=\"twitter-tweet\" data-lang=\"es\"><p lang=\"es\" dir=\"ltr\">(2) Este domingo tras el \u00faltimo acto en <a href=\"https:\/\/twitter.com\/hashtag\/Oaxaca?src=hash&amp;ref_src=twsrc%5Etfw\">#Oaxaca<\/a>. el Presidente <a href=\"https:\/\/twitter.com\/lopezobrador_?ref_src=twsrc%5Etfw\">@lopezobrador_<\/a> fue abordado por vecinos de Tlacolula para exponerles la problem\u00e1tica en dos escuelas; \u201cyo no me meto en esas cosas, eso lo resuelve la misma comunidad\u201d, les devolvi\u00f3 el mandatario. <a href=\"https:\/\/t.co\/OdSoQ6xpBA\">pic.twitter.com\/OdSoQ6xpBA<\/a><\/p>&mdash; Zona Roja Oaxaca (@MexRoja) <a href=\"https:\/\/twitter.com\/MexRoja\/status\/1186126703262748673?ref_src=twsrc%5Etfw\">21 de octubre de 2019<\/a><\/blockquote><\/div>\n<\/div><\/figure>\n","protected":false},"excerpt":{"rendered":"<p>Redacci\u00f3n\/Zona Roja. Oaxaca de Ju\u00e1rez, Oax., 21 de octubre de 2019.- La disputa por la&hellip;<\/p>\n","protected":false},"author":2,"featured_media":5018,"comment_status":"closed","ping_status":"open","sticky":false,"template":"","format":"standard","meta":{"_lmt_disableupdate":"","_lmt_disable":"","_jetpack_memberships_contains_paid_content":false,"footnotes":""},"categories":[109,47],"tags":[899,127],"class_list":["post-5017","post","type-post","status-publish","format-standard","has-post-thumbnail","hentry","category-minuto-a-minuto","category-zona-gris","tag-carlos-leon-monterrubio","tag-tlacolula-de-matamoros"],"jetpack_featured_media_url":"https:\/\/zonaroja.com.mx\/wp-content\/uploads\/2019\/10\/Tlacolula.jpg","jetpack_sharing_enabled":true,"_links":{"self":[{"href":"https:\/\/zonaroja.com.mx\/index.php?rest_route=\/wp\/v2\/posts\/5017","targetHints":{"allow":["GET"]}}],"collection":[{"href":"https:\/\/zonaroja.com.mx\/index.php?rest_route=\/wp\/v2\/posts"}],"about":[{"href":"https:\/\/zonaroja.com.mx\/index.php?rest_route=\/wp\/v2\/types\/post"}],"author":[{"embeddable":true,"href":"https:\/\/zonaroja.com.mx\/index.php?rest_route=\/wp\/v2\/users\/2"}],"replies":[{"embeddable":true,"href":"https:\/\/zonaroja.com.mx\/index.php?rest_route=%2Fwp%2Fv2%2Fcomments&post=5017"}],"version-history":[{"count":1,"href":"https:\/\/zonaroja.com.mx\/index.php?rest_route=\/wp\/v2\/posts\/5017\/revisions"}],"predecessor-version":[{"id":5019,"href":"https:\/\/zonaroja.com.mx\/index.php?rest_route=\/wp\/v2\/posts\/5017\/revisions\/5019"}],"wp:featuredmedia":[{"embeddable":true,"href":"https:\/\/zonaroja.com.mx\/index.php?rest_route=\/wp\/v2\/media\/5018"}],"wp:attachment":[{"href":"https:\/\/zonaroja.com.mx\/index.php?rest_route=%2Fwp%2Fv2%2Fmedia&parent=5017"}],"wp:term":[{"taxonomy":"category","embeddable":true,"href":"https:\/\/zonaroja.com.mx\/index.php?rest_route=%2Fwp%2Fv2%2Fcategories&post=5017"},{"taxonomy":"post_tag","embeddable":true,"href":"https:\/\/zonaroja.com.mx\/index.php?rest_route=%2Fwp%2Fv2%2Ftags&post=5017"}],"curies":[{"name":"wp","href":"https:\/\/api.w.org\/{rel}","templated":true}]}}