{"id":50173,"date":"2023-01-07T18:33:40","date_gmt":"2023-01-08T00:33:40","guid":{"rendered":"http:\/\/www.zonaroja.com.mx\/?p=50173"},"modified":"2023-01-07T18:33:42","modified_gmt":"2023-01-08T00:33:42","slug":"yaretzi-solo-tenia-25-anos-murio-en-el-metro-de-la-cdmx","status":"publish","type":"post","link":"https:\/\/zonaroja.com.mx\/?p=50173","title":{"rendered":"Yaretzi s\u00f3lo ten\u00eda 25 a\u00f1os, muri\u00f3 en el Metro de la Cdmx"},"content":{"rendered":"\n<p>Redacci\u00f3n\/Zona Roja Cdmx.<\/p>\n\n\n\n<p>Ciudad de M\u00e9xico, a 7 de enero de 2023.- Una joven de 25 a\u00f1os, de nombre Yaretzi, fue la v\u00edctima mortal del choque trenes ocurrido este s\u00e1bado 7 de enero de 2023 en el t\u00fanel que conecta las estaciones de La Raza y Potrero, en la l\u00ednea 3 del Metro de la Ciudad de M\u00e9xico (CDMX).<\/p>\n\n\n\n<p>Horas despu\u00e9s del percance, la jefa de gobierno de la capital, Claudia Sheinbaum Pardo, confirm\u00f3 \u00fanicamente el nombre de la joven. Con la finalidad de proteger su identidad, la mandataria se reserv\u00f3 el apellido y lugar de origen de la mujer. Adem\u00e1s, detall\u00f3 que ya hab\u00eda contactado a sus padres.<\/p>\n\n\n\n<p>\u201cQueremos manifestar nuestra solidaridad y total apoyo a las personas que se encuentran en este momento en los hospitales y, por supuesto, todo nuestro apoyo y solidaridad a la familia de Yaretzi. Vengo de estar con sus padres y se les est\u00e1 dando todo el apoyo necesario\u201d.<\/p>\n\n\n\n<p>Durante una comparecencia ante los medios de comunicaci\u00f3n desde el lugar del incidente, Sheinbaum Pardo asegur\u00f3 que su prioridad ser\u00e1 atender a las v\u00edctimas. De igual forma, report\u00f3 la existencia de 59 personas hospitalizadas, la mayor\u00eda con lesiones leves. Quien report\u00f3 el estado de mayor gravedad fue el conductor de uno de los trenes.<\/p>\n\n\n\n<p>\u201cCierro dici\u00e9ndoles que nuestra prioridad son las v\u00edctimas y tambi\u00e9n que se va a hacer justicia. Hay una investigaci\u00f3n de la Fiscal\u00eda General de Justicia (FGJ), est\u00e1n los peritos y se va a llegar hasta las \u00faltimas consecuencias\u201d, agreg\u00f3.<\/p>\n\n\n\n<p>\u00bfC\u00d3MO FUE?<\/p>\n\n\n\n<p>De acuerdo con las declaraciones, el choque se present\u00f3 cuando, en punto de las 9:16 horas, un tren de la l\u00ednea 3 dio alcance a la parte posterior de otro que se encontraba en la v\u00eda con direcci\u00f3n al metro Universidad.&nbsp;<\/p>\n\n\n\n<p>El violento impacto hizo que el conductor y otras tres personas quedaran atrapadas entre los fierros de las unidades involucradas.<\/p>\n\n\n\n<p>El arribo de los cuerpos de rescate demor\u00f3 cerca de 30 minutos, de acuerdo con el testimonio de las v\u00edctimas. No obstante, las maniobras fueron efectivas para rescatar a las cuatro personas atrapadas quienes, posteriormente, tambi\u00e9n fueron trasladadas a diversos centros hospitalarios.<\/p>\n\n\n\n<p>Hasta las 17:00 horas del s\u00e1bado 7 de enero, la jefa de gobierno confirm\u00f3 que de las 41 personas que fueron trasladadas al Hospital San \u00c1ngel Inn Chapultepec, 26 ya fueron atendidas y recibieron el alta m\u00e9dica.&nbsp;<\/p>\n\n\n\n<p>Cabe recordar que dicho nosocomio fue designado para cubrir el seguro m\u00e9dico al que los usuarios tuvieron derecho con el pago de su pasaje para el transporte subterr\u00e1neo.<\/p>\n\n\n\n<p>De igual forma, en otra de las actualizaciones confirm\u00f3 que cuatro personas ingresar\u00e1n al quir\u00f3fano para someterse a cirug\u00edas no graves. Los procedimientos tendr\u00e1n la finalidad de atender lesiones como fracturas en extremidades y t\u00f3rax de las personas que lo ameriten.<\/p>\n\n\n\n<p>El choque de trenes en la l\u00ednea 3 se sum\u00f3 a la lista de accidentes que han acontecido durante la administraci\u00f3n de Claudia Sheinbaum Pardo. El 3 de mayo del a\u00f1o 2021 se report\u00f3 el derrumbe del tramo elevado en la l\u00ednea 12 del Sistema de Transporte Colectivo (STC), aunque el 9 de enero del mismo a\u00f1o se dio a conocer el incendio en la subestaci\u00f3n de control en el centro hist\u00f3rico.<\/p>\n\n\n\n<p>En marzo de 2020 tambi\u00e9n tuvo lugar un choque de trenes, aunque en esa ocasi\u00f3n fueron en el and\u00e9n de la estaci\u00f3n Tacubaya de la l\u00ednea 1, Todos los acontecimientos fueron bajo la administraci\u00f3n de Florencia Serran\u00eda, quien fue separada del cargo tras se\u00f1alamientos por la supuesta responsabilidad que tuvo en cada uno de ellos.<\/p>\n","protected":false},"excerpt":{"rendered":"<p>Redacci\u00f3n\/Zona Roja Cdmx. Ciudad de M\u00e9xico, a 7 de enero de 2023.- Una joven de&hellip;<\/p>\n","protected":false},"author":2,"featured_media":50174,"comment_status":"closed","ping_status":"open","sticky":false,"template":"","format":"standard","meta":{"_lmt_disableupdate":"","_lmt_disable":"","_jetpack_memberships_contains_paid_content":false,"footnotes":""},"categories":[109,47],"tags":[2652],"class_list":["post-50173","post","type-post","status-publish","format-standard","has-post-thumbnail","hentry","category-minuto-a-minuto","category-zona-gris","tag-metro-ciudad-de-mexico"],"jetpack_featured_media_url":"https:\/\/zonaroja.com.mx\/wp-content\/uploads\/2023\/01\/Accidente-Metro-Ciudad-de-Mexico.jpg","jetpack_sharing_enabled":true,"_links":{"self":[{"href":"https:\/\/zonaroja.com.mx\/index.php?rest_route=\/wp\/v2\/posts\/50173","targetHints":{"allow":["GET"]}}],"collection":[{"href":"https:\/\/zonaroja.com.mx\/index.php?rest_route=\/wp\/v2\/posts"}],"about":[{"href":"https:\/\/zonaroja.com.mx\/index.php?rest_route=\/wp\/v2\/types\/post"}],"author":[{"embeddable":true,"href":"https:\/\/zonaroja.com.mx\/index.php?rest_route=\/wp\/v2\/users\/2"}],"replies":[{"embeddable":true,"href":"https:\/\/zonaroja.com.mx\/index.php?rest_route=%2Fwp%2Fv2%2Fcomments&post=50173"}],"version-history":[{"count":1,"href":"https:\/\/zonaroja.com.mx\/index.php?rest_route=\/wp\/v2\/posts\/50173\/revisions"}],"predecessor-version":[{"id":50175,"href":"https:\/\/zonaroja.com.mx\/index.php?rest_route=\/wp\/v2\/posts\/50173\/revisions\/50175"}],"wp:featuredmedia":[{"embeddable":true,"href":"https:\/\/zonaroja.com.mx\/index.php?rest_route=\/wp\/v2\/media\/50174"}],"wp:attachment":[{"href":"https:\/\/zonaroja.com.mx\/index.php?rest_route=%2Fwp%2Fv2%2Fmedia&parent=50173"}],"wp:term":[{"taxonomy":"category","embeddable":true,"href":"https:\/\/zonaroja.com.mx\/index.php?rest_route=%2Fwp%2Fv2%2Fcategories&post=50173"},{"taxonomy":"post_tag","embeddable":true,"href":"https:\/\/zonaroja.com.mx\/index.php?rest_route=%2Fwp%2Fv2%2Ftags&post=50173"}],"curies":[{"name":"wp","href":"https:\/\/api.w.org\/{rel}","templated":true}]}}